{"id":74009,"date":"2023-12-21T10:00:10","date_gmt":"2023-12-21T09:00:10","guid":{"rendered":"https:\/\/www.lesjoforsab.com\/?p=74009"},"modified":"2023-12-21T11:50:41","modified_gmt":"2023-12-21T10:50:41","slug":"ett-bra-ar-med-stora-steg-mot-ett-hallbarare-lesjofors","status":"publish","type":"post","link":"https:\/\/www.lesjoforsab.com\/sv\/om-lesjofors\/nyheter\/ett-bra-ar-med-stora-steg-mot-ett-hallbarare-lesjofors\/","title":{"rendered":"Ett bra \u00e5r med stora steg mot ett h\u00e5llbarare Lesj\u00f6fors"},"content":{"rendered":"\n<p>2023 har varit \u00f6verraskande bra f\u00f6r Lesj\u00f6fors och vi visar sammantaget ett gott resultat trots svagare efterfr\u00e5gan generellt. Svaret ligger i att vi har en diversifierad kundportf\u00f6lj som dessutom blir mer varierad f\u00f6r varje \u00e5r som g\u00e5r. Det g\u00f6r att vi st\u00e5r stabilt och \u00e4r v\u00e4l positionerade i sektorer som utvecklats starkt.<\/p>\n\n\n\n<h4 class=\"wp-block-heading\">Tv\u00e5 viktiga f\u00f6rv\u00e4rv under \u00e5ret<\/h4>\n\n\n\n<p>Det holl\u00e4ndska bolaget Amatec som ing\u00e5r i koncernen sedan b\u00f6rjan av \u00e5ret \u00e4r specialiserat p\u00e5 distribution vilket utg\u00f6r ett stort st\u00f6d i den europeiska satsningen p\u00e5 standarfj\u00e4drar som vi nu g\u00f6r. Tollman Spring \u00e4r v\u00e5rt tredje f\u00f6rv\u00e4rv i USA p\u00e5 18 m\u00e5nader och tillverkar fj\u00e4drar i mindre dimensioner. V\u00e5ra tre amerikanska bolag ger oss ett fint utg\u00e5ngsl\u00e4ge i USA genom ett brett utbud av produkter. Lesj\u00f6fors \u00e4r idag ett av de st\u00f6rsta bolagen p\u00e5 den amerikanska fj\u00e4dermarknaden.<\/p>\n\n\n\n<h4 class=\"wp-block-heading\">Tillv\u00e4xt i utvalda fokusomr\u00e5den<\/h4>\n\n\n\n<p>Vi har identifierat n\u00e5gra omr\u00e5den d\u00e4r vi just nu l\u00e4gger in en extra v\u00e4xel d\u00e5 vi ser stora tillv\u00e4xtm\u00f6jligheter. Vi investerar stort i en ny varmlindningslinje vid fabriken i Lesj\u00f6fors som tillverkar industrifj\u00e4drar i stora dimensioner. P\u00e5 den europeiska marknaden f\u00f6r standardfj\u00e4drar ska vi v\u00e4xa och har bland annat en f\u00f6rb\u00e4ttrad digital l\u00f6sning f\u00f6r handel att se fram emot. Inom medicinteknikomr\u00e5det \u00f6kar teknikinneh\u00e5llet i produkterna vilket gynnar efterfr\u00e5gan p\u00e5 v\u00e5ra komponenter i s\u00e5v\u00e4l Europa som i Asien och USA.<\/p>\n\n\n\n<h4 class=\"wp-block-heading\">Vi ska bli nummer ETT inom h\u00e5llbarhet<\/h4>\n\n\n\n<p>H\u00e5llbarhet \u00e4r ett av v\u00e5ra omr\u00e5den jag \u00e4r mest n\u00f6jd med 2023. Vi har skrivit under initiativet Science Based Target och d\u00e4rmed antagit utmanande klimatm\u00e5l. Utvecklingen g\u00e5r nu i en rasande takt, d\u00e4r behoven av allt fr\u00e5n h\u00e5llbarhetsdata till ekodesignade komponenter \u00f6kar. Vi ligger i framkant p\u00e5 omr\u00e5det och har startat flera projekt d\u00e4r vi kommit l\u00e5ngt. Ut\u00f6ver att kartl\u00e4gga den p\u00e5verkan v\u00e5ra produkter och processer har g\u00e5r vi ocks\u00e5 ett steg l\u00e4ngre. Vi implementerar datan i v\u00e5ra ber\u00e4kningar som blir viktiga r\u00e5dgivningsunderlag i dialogen inf\u00f6r era utvecklingsprocesser av nya produkter.<\/p>\n\n\n\n<h4 class=\"wp-block-heading\">Ett stort tack till dig<\/h4>\n\n\n\n<p>Slutligen vill jag passa p\u00e5 att tacka f\u00f6r de fina samarbeten jag upplever vi har \u00f6verallt i koncernen med er alla. Efter en v\u00e4lbeh\u00f6vlig ledighet vet jag att alla kollegor snart \u00e4r redo igen f\u00f6r att diskutera nya, utmanande fj\u00e4derl\u00f6sningar som tar oss in en sp\u00e4nnande, h\u00e5llbar framtid.<\/p>\n\n\n\n<p>God Jul och Gott Nytt \u00c5r!<\/p>\n\n\n\n<p><em>Ola Tengroth, koncernchef\u00a0\u00a0<\/em><\/p>\n","protected":false},"excerpt":{"rendered":"<p>Trots en vikande allm\u00e4n konjunktur g\u00e5r Lesj\u00f6fors som t\u00e5get tack vare att vi har en bred kundbas som sp\u00e4nner \u00f6ver m\u00e5nga olika sektorer. De f\u00f6rv\u00e4rv vi gjort under \u00e5ret har gjort oss \u00e4nnu starkare och vi har satsat stort inom n\u00e5gra fokusomr\u00e5den. Vi har \u00e4ven tagit h\u00e5llbarhetsarbetet till en ny niv\u00e5 genom nya ambiti\u00f6sa \u00e5taganden.  <\/p>\n","protected":false},"author":9,"featured_media":74007,"comment_status":"closed","ping_status":"closed","sticky":false,"template":"","format":"standard","meta":{"footnotes":""},"categories":[76],"tags":[],"class_list":["post-74009","post","type-post","status-publish","format-standard","has-post-thumbnail","hentry","category-news-sv"],"yoast_head":"<!-- This site is optimized with the Yoast SEO plugin v25.6 - https:\/\/yoast.com\/wordpress\/plugins\/seo\/ -->\n<title>Lesj\u00f6fors - Springs and Pressings<\/title>\n<meta name=\"description\" content=\"Lesj\u00f6fors \u00e4r en av v\u00e4rldens st\u00f6rsta tillverkare inom idustrifj\u00e4drar och banddetaljer.\" \/>\n<meta name=\"robots\" content=\"index, follow, max-snippet:-1, max-image-preview:large, max-video-preview:-1\" \/>\n<link rel=\"canonical\" href=\"https:\/\/www.lesjoforsab.com\/sv\/om-lesjofors\/nyheter\/ett-bra-ar-med-stora-steg-mot-ett-hallbarare-lesjofors\/\" \/>\n<meta property=\"og:locale\" content=\"sv_SE\" \/>\n<meta property=\"og:type\" content=\"article\" \/>\n<meta property=\"og:title\" content=\"Ett bra \u00e5r med stora steg mot ett h\u00e5llbarare Lesj\u00f6fors\" \/>\n<meta property=\"og:description\" content=\"Trots en vikande allm\u00e4n konjunktur g\u00e5r Lesj\u00f6fors som t\u00e5get tack vare att vi har en bred kundbas som sp\u00e4nner \u00f6ver m\u00e5nga olika sektorer. De f\u00f6rv\u00e4rv vi gjort under \u00e5ret har gjort oss \u00e4nnu starkare och vi har satsat stort inom n\u00e5gra fokusomr\u00e5den. Vi har \u00e4ven tagit h\u00e5llbarhetsarbetet till en ny niv\u00e5 genom nya ambiti\u00f6sa \u00e5taganden.\" \/>\n<meta property=\"og:url\" content=\"https:\/\/www.lesjoforsab.com\/sv\/om-lesjofors\/nyheter\/ett-bra-ar-med-stora-steg-mot-ett-hallbarare-lesjofors\/\" \/>\n<meta property=\"og:site_name\" content=\"Lesj\u00f6fors - Industrial Springs and Pressings\" \/>\n<meta property=\"article:published_time\" content=\"2023-12-21T09:00:10+00:00\" \/>\n<meta property=\"article:modified_time\" content=\"2023-12-21T10:50:41+00:00\" \/>\n<meta property=\"og:image\" content=\"https:\/\/www.lesjoforsab.com\/wp-content\/uploads\/spring-trees-scaled.jpg\" \/>\n\t<meta property=\"og:image:width\" content=\"3840\" \/>\n\t<meta property=\"og:image:height\" content=\"2880\" \/>\n\t<meta property=\"og:image:type\" content=\"image\/jpeg\" \/>\n<meta name=\"author\" content=\"Lesj\u00f6fors AB\" \/>\n<script type=\"application\/ld+json\" class=\"yoast-schema-graph\">{\"@context\":\"https:\/\/schema.org\",\"@graph\":[{\"@type\":\"Article\",\"@id\":\"https:\/\/www.lesjoforsab.com\/sv\/om-lesjofors\/nyheter\/ett-bra-ar-med-stora-steg-mot-ett-hallbarare-lesjofors\/#article\",\"isPartOf\":{\"@id\":\"https:\/\/www.lesjoforsab.com\/sv\/om-lesjofors\/nyheter\/ett-bra-ar-med-stora-steg-mot-ett-hallbarare-lesjofors\/\"},\"author\":{\"name\":\"Lesj\u00f6fors AB\",\"@id\":\"https:\/\/www.lesjoforsab.com\/sv\/#\/schema\/person\/a97f6b2b8aacd076901ad9f61a9ad34e\"},\"headline\":\"Ett bra \u00e5r med stora steg mot ett h\u00e5llbarare Lesj\u00f6fors\",\"datePublished\":\"2023-12-21T09:00:10+00:00\",\"dateModified\":\"2023-12-21T10:50:41+00:00\",\"mainEntityOfPage\":{\"@id\":\"https:\/\/www.lesjoforsab.com\/sv\/om-lesjofors\/nyheter\/ett-bra-ar-med-stora-steg-mot-ett-hallbarare-lesjofors\/\"},\"wordCount\":471,\"publisher\":{\"@id\":\"https:\/\/www.lesjoforsab.com\/sv\/#organization\"},\"image\":{\"@id\":\"https:\/\/www.lesjoforsab.com\/sv\/om-lesjofors\/nyheter\/ett-bra-ar-med-stora-steg-mot-ett-hallbarare-lesjofors\/#primaryimage\"},\"thumbnailUrl\":\"https:\/\/www.lesjoforsab.com\/wp-content\/uploads\/spring-trees-scaled.jpg\",\"articleSection\":[\"News\"],\"inLanguage\":\"sv-SE\"},{\"@type\":\"WebPage\",\"@id\":\"https:\/\/www.lesjoforsab.com\/sv\/om-lesjofors\/nyheter\/ett-bra-ar-med-stora-steg-mot-ett-hallbarare-lesjofors\/\",\"url\":\"https:\/\/www.lesjoforsab.com\/sv\/om-lesjofors\/nyheter\/ett-bra-ar-med-stora-steg-mot-ett-hallbarare-lesjofors\/\",\"name\":\"Lesj\u00f6fors - Springs and Pressings\",\"isPartOf\":{\"@id\":\"https:\/\/www.lesjoforsab.com\/sv\/#website\"},\"primaryImageOfPage\":{\"@id\":\"https:\/\/www.lesjoforsab.com\/sv\/om-lesjofors\/nyheter\/ett-bra-ar-med-stora-steg-mot-ett-hallbarare-lesjofors\/#primaryimage\"},\"image\":{\"@id\":\"https:\/\/www.lesjoforsab.com\/sv\/om-lesjofors\/nyheter\/ett-bra-ar-med-stora-steg-mot-ett-hallbarare-lesjofors\/#primaryimage\"},\"thumbnailUrl\":\"https:\/\/www.lesjoforsab.com\/wp-content\/uploads\/spring-trees-scaled.jpg\",\"datePublished\":\"2023-12-21T09:00:10+00:00\",\"dateModified\":\"2023-12-21T10:50:41+00:00\",\"description\":\"Lesj\u00f6fors \u00e4r en av v\u00e4rldens st\u00f6rsta tillverkare inom idustrifj\u00e4drar och banddetaljer.\",\"breadcrumb\":{\"@id\":\"https:\/\/www.lesjoforsab.com\/sv\/om-lesjofors\/nyheter\/ett-bra-ar-med-stora-steg-mot-ett-hallbarare-lesjofors\/#breadcrumb\"},\"inLanguage\":\"sv-SE\",\"potentialAction\":[{\"@type\":\"ReadAction\",\"target\":[\"https:\/\/www.lesjoforsab.com\/sv\/om-lesjofors\/nyheter\/ett-bra-ar-med-stora-steg-mot-ett-hallbarare-lesjofors\/\"]}]},{\"@type\":\"ImageObject\",\"inLanguage\":\"sv-SE\",\"@id\":\"https:\/\/www.lesjoforsab.com\/sv\/om-lesjofors\/nyheter\/ett-bra-ar-med-stora-steg-mot-ett-hallbarare-lesjofors\/#primaryimage\",\"url\":\"https:\/\/www.lesjoforsab.com\/wp-content\/uploads\/spring-trees-scaled.jpg\",\"contentUrl\":\"https:\/\/www.lesjoforsab.com\/wp-content\/uploads\/spring-trees-scaled.jpg\",\"width\":3840,\"height\":2880},{\"@type\":\"BreadcrumbList\",\"@id\":\"https:\/\/www.lesjoforsab.com\/sv\/om-lesjofors\/nyheter\/ett-bra-ar-med-stora-steg-mot-ett-hallbarare-lesjofors\/#breadcrumb\",\"itemListElement\":[{\"@type\":\"ListItem\",\"position\":1,\"name\":\"Startsida\",\"item\":\"https:\/\/www.lesjoforsab.com\/sv\/\"},{\"@type\":\"ListItem\",\"position\":2,\"name\":\"Ett bra \u00e5r med stora steg mot ett h\u00e5llbarare Lesj\u00f6fors\"}]},{\"@type\":\"WebSite\",\"@id\":\"https:\/\/www.lesjoforsab.com\/sv\/#website\",\"url\":\"https:\/\/www.lesjoforsab.com\/sv\/\",\"name\":\"Lesj\u00f6fors - Industrial Springs and Pressings\",\"description\":\"\",\"publisher\":{\"@id\":\"https:\/\/www.lesjoforsab.com\/sv\/#organization\"},\"potentialAction\":[{\"@type\":\"SearchAction\",\"target\":{\"@type\":\"EntryPoint\",\"urlTemplate\":\"https:\/\/www.lesjoforsab.com\/sv\/?s={search_term_string}\"},\"query-input\":{\"@type\":\"PropertyValueSpecification\",\"valueRequired\":true,\"valueName\":\"search_term_string\"}}],\"inLanguage\":\"sv-SE\"},{\"@type\":\"Organization\",\"@id\":\"https:\/\/www.lesjoforsab.com\/sv\/#organization\",\"name\":\"Lesj\u00f6fors AB\",\"url\":\"https:\/\/www.lesjoforsab.com\/sv\/\",\"logo\":{\"@type\":\"ImageObject\",\"inLanguage\":\"sv-SE\",\"@id\":\"https:\/\/www.lesjoforsab.com\/sv\/#\/schema\/logo\/image\/\",\"url\":\"https:\/\/www.lesjoforsab.com\/wp-content\/uploads\/User-Uploads\/Lesjoefors-Brand\/Logotypes\/lesjofors-logo-without-payoff.jpg\",\"contentUrl\":\"https:\/\/www.lesjoforsab.com\/wp-content\/uploads\/User-Uploads\/Lesjoefors-Brand\/Logotypes\/lesjofors-logo-without-payoff.jpg\",\"width\":1347,\"height\":378,\"caption\":\"Lesj\u00f6fors AB\"},\"image\":{\"@id\":\"https:\/\/www.lesjoforsab.com\/sv\/#\/schema\/logo\/image\/\"},\"sameAs\":[\"https:\/\/x.com\/lesjoforsgroup\",\"https:\/\/www.linkedin.com\/company\/lesjoforsab\/\",\"https:\/\/www.youtube.com\/user\/lesjoforsab\"]},{\"@type\":\"Person\",\"@id\":\"https:\/\/www.lesjoforsab.com\/sv\/#\/schema\/person\/a97f6b2b8aacd076901ad9f61a9ad34e\",\"name\":\"Lesj\u00f6fors AB\"}]}<\/script>\n<!-- \/ Yoast SEO plugin. -->","yoast_head_json":{"title":"Lesj\u00f6fors - Springs and Pressings","description":"Lesj\u00f6fors \u00e4r en av v\u00e4rldens st\u00f6rsta tillverkare inom idustrifj\u00e4drar och banddetaljer.","robots":{"index":"index","follow":"follow","max-snippet":"max-snippet:-1","max-image-preview":"max-image-preview:large","max-video-preview":"max-video-preview:-1"},"canonical":"https:\/\/www.lesjoforsab.com\/sv\/om-lesjofors\/nyheter\/ett-bra-ar-med-stora-steg-mot-ett-hallbarare-lesjofors\/","og_locale":"sv_SE","og_type":"article","og_title":"Ett bra \u00e5r med stora steg mot ett h\u00e5llbarare Lesj\u00f6fors","og_description":"Trots en vikande allm\u00e4n konjunktur g\u00e5r Lesj\u00f6fors som t\u00e5get tack vare att vi har en bred kundbas som sp\u00e4nner \u00f6ver m\u00e5nga olika sektorer. De f\u00f6rv\u00e4rv vi gjort under \u00e5ret har gjort oss \u00e4nnu starkare och vi har satsat stort inom n\u00e5gra fokusomr\u00e5den. Vi har \u00e4ven tagit h\u00e5llbarhetsarbetet till en ny niv\u00e5 genom nya ambiti\u00f6sa \u00e5taganden.","og_url":"https:\/\/www.lesjoforsab.com\/sv\/om-lesjofors\/nyheter\/ett-bra-ar-med-stora-steg-mot-ett-hallbarare-lesjofors\/","og_site_name":"Lesj\u00f6fors - Industrial Springs and Pressings","article_published_time":"2023-12-21T09:00:10+00:00","article_modified_time":"2023-12-21T10:50:41+00:00","og_image":[{"width":3840,"height":2880,"url":"https:\/\/www.lesjoforsab.com\/wp-content\/uploads\/spring-trees-scaled.jpg","type":"image\/jpeg"}],"author":"Lesj\u00f6fors AB","schema":{"@context":"https:\/\/schema.org","@graph":[{"@type":"Article","@id":"https:\/\/www.lesjoforsab.com\/sv\/om-lesjofors\/nyheter\/ett-bra-ar-med-stora-steg-mot-ett-hallbarare-lesjofors\/#article","isPartOf":{"@id":"https:\/\/www.lesjoforsab.com\/sv\/om-lesjofors\/nyheter\/ett-bra-ar-med-stora-steg-mot-ett-hallbarare-lesjofors\/"},"author":{"name":"Lesj\u00f6fors AB","@id":"https:\/\/www.lesjoforsab.com\/sv\/#\/schema\/person\/a97f6b2b8aacd076901ad9f61a9ad34e"},"headline":"Ett bra \u00e5r med stora steg mot ett h\u00e5llbarare Lesj\u00f6fors","datePublished":"2023-12-21T09:00:10+00:00","dateModified":"2023-12-21T10:50:41+00:00","mainEntityOfPage":{"@id":"https:\/\/www.lesjoforsab.com\/sv\/om-lesjofors\/nyheter\/ett-bra-ar-med-stora-steg-mot-ett-hallbarare-lesjofors\/"},"wordCount":471,"publisher":{"@id":"https:\/\/www.lesjoforsab.com\/sv\/#organization"},"image":{"@id":"https:\/\/www.lesjoforsab.com\/sv\/om-lesjofors\/nyheter\/ett-bra-ar-med-stora-steg-mot-ett-hallbarare-lesjofors\/#primaryimage"},"thumbnailUrl":"https:\/\/www.lesjoforsab.com\/wp-content\/uploads\/spring-trees-scaled.jpg","articleSection":["News"],"inLanguage":"sv-SE"},{"@type":"WebPage","@id":"https:\/\/www.lesjoforsab.com\/sv\/om-lesjofors\/nyheter\/ett-bra-ar-med-stora-steg-mot-ett-hallbarare-lesjofors\/","url":"https:\/\/www.lesjoforsab.com\/sv\/om-lesjofors\/nyheter\/ett-bra-ar-med-stora-steg-mot-ett-hallbarare-lesjofors\/","name":"Lesj\u00f6fors - Springs and Pressings","isPartOf":{"@id":"https:\/\/www.lesjoforsab.com\/sv\/#website"},"primaryImageOfPage":{"@id":"https:\/\/www.lesjoforsab.com\/sv\/om-lesjofors\/nyheter\/ett-bra-ar-med-stora-steg-mot-ett-hallbarare-lesjofors\/#primaryimage"},"image":{"@id":"https:\/\/www.lesjoforsab.com\/sv\/om-lesjofors\/nyheter\/ett-bra-ar-med-stora-steg-mot-ett-hallbarare-lesjofors\/#primaryimage"},"thumbnailUrl":"https:\/\/www.lesjoforsab.com\/wp-content\/uploads\/spring-trees-scaled.jpg","datePublished":"2023-12-21T09:00:10+00:00","dateModified":"2023-12-21T10:50:41+00:00","description":"Lesj\u00f6fors \u00e4r en av v\u00e4rldens st\u00f6rsta tillverkare inom idustrifj\u00e4drar och banddetaljer.","breadcrumb":{"@id":"https:\/\/www.lesjoforsab.com\/sv\/om-lesjofors\/nyheter\/ett-bra-ar-med-stora-steg-mot-ett-hallbarare-lesjofors\/#breadcrumb"},"inLanguage":"sv-SE","potentialAction":[{"@type":"ReadAction","target":["https:\/\/www.lesjoforsab.com\/sv\/om-lesjofors\/nyheter\/ett-bra-ar-med-stora-steg-mot-ett-hallbarare-lesjofors\/"]}]},{"@type":"ImageObject","inLanguage":"sv-SE","@id":"https:\/\/www.lesjoforsab.com\/sv\/om-lesjofors\/nyheter\/ett-bra-ar-med-stora-steg-mot-ett-hallbarare-lesjofors\/#primaryimage","url":"https:\/\/www.lesjoforsab.com\/wp-content\/uploads\/spring-trees-scaled.jpg","contentUrl":"https:\/\/www.lesjoforsab.com\/wp-content\/uploads\/spring-trees-scaled.jpg","width":3840,"height":2880},{"@type":"BreadcrumbList","@id":"https:\/\/www.lesjoforsab.com\/sv\/om-lesjofors\/nyheter\/ett-bra-ar-med-stora-steg-mot-ett-hallbarare-lesjofors\/#breadcrumb","itemListElement":[{"@type":"ListItem","position":1,"name":"Startsida","item":"https:\/\/www.lesjoforsab.com\/sv\/"},{"@type":"ListItem","position":2,"name":"Ett bra \u00e5r med stora steg mot ett h\u00e5llbarare Lesj\u00f6fors"}]},{"@type":"WebSite","@id":"https:\/\/www.lesjoforsab.com\/sv\/#website","url":"https:\/\/www.lesjoforsab.com\/sv\/","name":"Lesj\u00f6fors - Industrial Springs and Pressings","description":"","publisher":{"@id":"https:\/\/www.lesjoforsab.com\/sv\/#organization"},"potentialAction":[{"@type":"SearchAction","target":{"@type":"EntryPoint","urlTemplate":"https:\/\/www.lesjoforsab.com\/sv\/?s={search_term_string}"},"query-input":{"@type":"PropertyValueSpecification","valueRequired":true,"valueName":"search_term_string"}}],"inLanguage":"sv-SE"},{"@type":"Organization","@id":"https:\/\/www.lesjoforsab.com\/sv\/#organization","name":"Lesj\u00f6fors AB","url":"https:\/\/www.lesjoforsab.com\/sv\/","logo":{"@type":"ImageObject","inLanguage":"sv-SE","@id":"https:\/\/www.lesjoforsab.com\/sv\/#\/schema\/logo\/image\/","url":"https:\/\/www.lesjoforsab.com\/wp-content\/uploads\/User-Uploads\/Lesjoefors-Brand\/Logotypes\/lesjofors-logo-without-payoff.jpg","contentUrl":"https:\/\/www.lesjoforsab.com\/wp-content\/uploads\/User-Uploads\/Lesjoefors-Brand\/Logotypes\/lesjofors-logo-without-payoff.jpg","width":1347,"height":378,"caption":"Lesj\u00f6fors AB"},"image":{"@id":"https:\/\/www.lesjoforsab.com\/sv\/#\/schema\/logo\/image\/"},"sameAs":["https:\/\/x.com\/lesjoforsgroup","https:\/\/www.linkedin.com\/company\/lesjoforsab\/","https:\/\/www.youtube.com\/user\/lesjoforsab"]},{"@type":"Person","@id":"https:\/\/www.lesjoforsab.com\/sv\/#\/schema\/person\/a97f6b2b8aacd076901ad9f61a9ad34e","name":"Lesj\u00f6fors AB"}]}},"_links":{"self":[{"href":"https:\/\/www.lesjoforsab.com\/sv\/wp-json\/wp\/v2\/posts\/74009","targetHints":{"allow":["GET"]}}],"collection":[{"href":"https:\/\/www.lesjoforsab.com\/sv\/wp-json\/wp\/v2\/posts"}],"about":[{"href":"https:\/\/www.lesjoforsab.com\/sv\/wp-json\/wp\/v2\/types\/post"}],"author":[{"embeddable":true,"href":"https:\/\/www.lesjoforsab.com\/sv\/wp-json\/wp\/v2\/users\/9"}],"replies":[{"embeddable":true,"href":"https:\/\/www.lesjoforsab.com\/sv\/wp-json\/wp\/v2\/comments?post=74009"}],"version-history":[{"count":1,"href":"https:\/\/www.lesjoforsab.com\/sv\/wp-json\/wp\/v2\/posts\/74009\/revisions"}],"predecessor-version":[{"id":74010,"href":"https:\/\/www.lesjoforsab.com\/sv\/wp-json\/wp\/v2\/posts\/74009\/revisions\/74010"}],"wp:featuredmedia":[{"embeddable":true,"href":"https:\/\/www.lesjoforsab.com\/sv\/wp-json\/wp\/v2\/media\/74007"}],"wp:attachment":[{"href":"https:\/\/www.lesjoforsab.com\/sv\/wp-json\/wp\/v2\/media?parent=74009"}],"wp:term":[{"taxonomy":"category","embeddable":true,"href":"https:\/\/www.lesjoforsab.com\/sv\/wp-json\/wp\/v2\/categories?post=74009"},{"taxonomy":"post_tag","embeddable":true,"href":"https:\/\/www.lesjoforsab.com\/sv\/wp-json\/wp\/v2\/tags?post=74009"}],"curies":[{"name":"wp","href":"https:\/\/api.w.org\/{rel}","templated":true}]}}