{"id":71670,"date":"2023-10-31T09:40:00","date_gmt":"2023-10-31T08:40:00","guid":{"rendered":"https:\/\/www.lesjoforsab.com\/?p=71670"},"modified":"2023-11-03T15:27:07","modified_gmt":"2023-11-03T14:27:07","slug":"lesjofors-signerar-atagande-for-att-na-hallbarhetsmalen-enligt-parisavtalet","status":"publish","type":"post","link":"https:\/\/www.lesjoforsab.com\/sv\/om-lesjofors\/nyheter\/lesjofors-signerar-atagande-for-att-na-hallbarhetsmalen-enligt-parisavtalet\/","title":{"rendered":"Lesj\u00f6fors signerar \u00e5tagande f\u00f6r att n\u00e5 h\u00e5llbarhetsm\u00e5len enligt Parisavtalet\u00a0"},"content":{"rendered":"\n<p>Ola Tengroth, koncernchef f\u00f6r Lesj\u04e7fors kommentar SBTi-\u00e5tagandet:&nbsp;&nbsp;<\/p>\n\n\n\n<p>&#8221;V\u00e5rt m\u00e5l \u00e4r att vara det mest h\u00e5llbara fj\u00e4derf\u00f6retaget i v\u00e4rlden. F\u00f6r att uppn\u00e5 detta m\u00e5ste vi agera. Vi vet att tillverkning p\u00e5verkar v\u00e5r milj\u00f6 och det \u00e4r d\u00e4rf\u00f6r vi l\u00e4nge arbetat med att integrera h\u00e5llbarhet i v\u00e5ra centrala strategiska m\u00e5l. F\u00f6r oss \u00e4r det ett naturligt steg att flytta fram v\u00e5rt fokus och \u00e5ta oss en f\u00e4rdplan mot en tydlig minskning av utsl\u00e4ppen, grundade i klimatvetenskap. SBTi-avtalet bef\u00e4ster v\u00e5rt engagemang och tydligg\u00f6r v\u00e5ra m\u00e5l.\u201d&nbsp;&nbsp;<\/p>\n\n\n\n<p><strong>M\u00e5l baserade i klimatvetenskapen<\/strong>&nbsp;<\/p>\n\n\n\n<p>SBTi \u00e4r ett partnerskap mellan CDP (Carbon Disclosure Project), FN:s Global Compact, World Resources Institute (WRI) och V\u00e4rldsnaturfonden (WWF). De vetenskapsbaserade m\u00e5len visar organisationer hur mycket och hur snabbt de beh\u00f6ver minska sina utsl\u00e4pp av v\u00e4xthusgaser (GHG) f\u00f6r att f\u00f6rhindra de v\u00e4rsta effekterna av klimatf\u00f6r\u00e4ndringarna.&nbsp;<\/p>\n\n\n\n<p>Klimatrelaterade fr\u00e5gor st\u00e5r h\u00f6gt p\u00e5 h\u00e5llbarhetsagendan f\u00f6r alla och under det senaste decenniet har Lesj\u00f6forskoncernen och dess moderbolag Beijer Alma rapporterat om aktiviteter relaterade till h\u00e5llbarhet och vidtagit \u00e5tg\u00e4rder inom flera omr\u00e5den.&nbsp;<\/p>\n\n\n\n<p><img decoding=\"async\" width=\"250\" height=\"143\" class=\"wp-image-70162\" style=\"width: 250px;\" src=\"https:\/\/www.lesjoforsab.com\/wp-content\/uploads\/sbt_logo_plus_tagline.png\" alt=\"Lesj\u00f6fors goes \" srcset=\"https:\/\/www.lesjoforsab.com\/wp-content\/uploads\/sbt_logo_plus_tagline.png 1500w, https:\/\/www.lesjoforsab.com\/wp-content\/uploads\/sbt_logo_plus_tagline-300x172.png 300w, https:\/\/www.lesjoforsab.com\/wp-content\/uploads\/sbt_logo_plus_tagline-1024x587.png 1024w, https:\/\/www.lesjoforsab.com\/wp-content\/uploads\/sbt_logo_plus_tagline-768x440.png 768w, https:\/\/www.lesjoforsab.com\/wp-content\/uploads\/sbt_logo_plus_tagline-400x229.png 400w\" sizes=\"(max-width: 250px) 100vw, 250px\" \/><\/p>\n\n\n\n<p><strong>H\u00e5llbarhetsteam h\u00e5ller uppe tempot i arbetet<\/strong>&nbsp;<\/p>\n\n\n\n<p>F\u00f6r 1,5 \u00e5r sedan inr\u00e4ttade Lesj\u00f6fors ett h\u00e5llbarhetsteam under ledning av Anna Haesert f\u00f6r att accelerera arbetet p\u00e5 alla niv\u00e5er. Teamet har ut\u00f6ver att st\u00f6tta och implementera konkreta projekt arbetat intensivt med att \u00f6ka medvetenheten och kunskapsniv\u00e5n i koncernen. Detta har \u00f6kat f\u00f6rst\u00e5elsen hos v\u00e5ra enheter var och hur de kan p\u00e5verka sitt avtryck och att vi tillsammans m\u00e5ste arbeta f\u00f6r att minska koncernens negativa p\u00e5verkan.&nbsp;&nbsp;<\/p>\n\n\n\n<p>\u201dH\u00e5llbarhet handlar om att se till helheten och finna v\u00e4ger f\u00f6r hur vi kan bidra till ett cirkul\u00e4rt, h\u00e5llbart samh\u00e4lle. Vi beh\u00f6ver f\u00f6lja den tekniska utvecklingen runt omkring oss och v\u00e4rdes\u00e4tter partnerskap och samarbete h\u00f6gt. Lesj\u00f6fors har en ambiti\u00f6s h\u00e5llbarhetsstrategi och v\u00e5rt \u00e5tg\u00e4rdsprogram \u00e4r h\u00f6gt p\u00e5 v\u00e5r prioriteringslista. Vi \u00e4r p\u00e5 en resa och SBTi-\u00e5tagandet bekr\u00e4ftar v\u00e5rt engagemang, hj\u00e4lper oss att fullf\u00f6lja v\u00e5r f\u00e4rdplan och v\u00e4ssa v\u00e5ra h\u00e5llbarhetsm\u00e5l ytterligare. Vi har redan slutf\u00f6rt v\u00e5r fullst\u00e4ndiga utsl\u00e4ppsredovisning av v\u00e4xthusgaser och utvecklat kortsiktiga m\u00e5l som vi rapporterat till SBTi och inv\u00e4ntar validering\u201d, s\u00e4ger Anna Haesert.&nbsp;<\/p>\n\n\n\n<p><strong>H\u00e5llbarhetsfokus p\u00e5 v\u00e5r webb&nbsp;<\/strong><\/p>\n\n\n\n<p>Lesj\u00f6fors vill ha en transparens om de framsteg som g\u00f6rs i hela v\u00e4rdekedjan. D\u00e4rf\u00f6r har vi ocks\u00e5 lanserat <a href=\"https:\/\/www.lesjoforsab.com\/sv\/hallbarhet\/\">en ny h\u00e5llbarhetssida<\/a> med aktuella siffror p\u00e5 v\u00e5r webbplats. Redovisningen ska tydligt visa v\u00e5rt ansvarstagande och vilka framsteg vi g\u00f6r. \u00a0<\/p>\n\n\n\n<p><strong>Fj\u00e4drar i hj\u00e4rtat av h\u00e5llbara l\u00f6sningar<\/strong>&nbsp;<\/p>\n\n\n\n<p>I hj\u00e4rtat av kraftk\u00e4llor som driver h\u00e5llbara l\u00f6sningar \u00f6ver hela v\u00e4rlden finns v\u00e5ra fj\u00e4drar och detaljer i band och tr\u00e5d. Fr\u00e5n bladfj\u00e4drar i rymdsatelliter som m\u00e4ter klimatdata och tr\u00e5ddetaljer i s\u00e4kerhetsutrustning f\u00f6r milj\u00f6v\u00e4nliga transportmedel till dragfj\u00e4drar i vindkraftverks generatorer och tryckfj\u00e4drar f\u00f6r den nya generationens elektriska fordon.&nbsp;<\/p>\n\n\n\n<p>V\u00e5rt m\u00e5l \u00e4r att vara det mest h\u00e5llbara fj\u00e4derf\u00f6retaget i v\u00e4rlden med livsviktiga komponenter i v\u00e4rldsledande produkter inom alla branscher. Vi arbetar m\u00e5lmedvetet med att ut\u00f6ka sortimentet av produkter med l\u00e5ga koldioxidutsl\u00e4pp, ett \u00f6kat ansvar i hela v\u00e4rdekedjan och ett erbjudande med ett verifierbart h\u00e5llbarhetsv\u00e4rde.&nbsp;<\/p>\n","protected":false},"excerpt":{"rendered":"<p>Genom att skriva under Science Based Target initiative (SBTi) har hela Lesj\u00f6fors globala organisation \u00e5tagit sig att genomf\u00f6ra klimat\u00e5tg\u00e4rder som \u00e4r i linje med Parisavtalet. Lesj\u00f6fors \u00e4r den f\u00f6rsta fj\u00e4dertillverkaren i v\u00e4rlden att f\u00f6rbinda sig till detta. <\/p>\n","protected":false},"author":9,"featured_media":71602,"comment_status":"closed","ping_status":"closed","sticky":false,"template":"","format":"standard","meta":{"footnotes":""},"categories":[76],"tags":[],"class_list":["post-71670","post","type-post","status-publish","format-standard","has-post-thumbnail","hentry","category-news-sv"],"yoast_head":"<!-- This site is optimized with the Yoast SEO plugin v25.6 - https:\/\/yoast.com\/wordpress\/plugins\/seo\/ -->\n<title>Lesj\u00f6fors signerar \u00e5tagande f\u00f6r att n\u00e5 h\u00e5llbarhetsm\u00e5len enligt Parisavtalet<\/title>\n<meta name=\"description\" content=\"Lesj\u04e7forsgruppen har anslutit sig till Science Based Target Initiative (SBTi), i linje med Parisavtalet.\" \/>\n<meta name=\"robots\" content=\"index, follow, max-snippet:-1, max-image-preview:large, max-video-preview:-1\" \/>\n<link rel=\"canonical\" href=\"https:\/\/www.lesjoforsab.com\/sv\/om-lesjofors\/nyheter\/lesjofors-signerar-atagande-for-att-na-hallbarhetsmalen-enligt-parisavtalet\/\" \/>\n<meta property=\"og:locale\" content=\"sv_SE\" \/>\n<meta property=\"og:type\" content=\"article\" \/>\n<meta property=\"og:title\" content=\"Lesj\u00f6fors signerar \u00e5tagande f\u00f6r att n\u00e5 h\u00e5llbarhetsm\u00e5len enligt Parisavtalet\" \/>\n<meta property=\"og:description\" content=\"Genom att skriva under Science Based Target initiative (SBTi) har hela Lesj\u00f6fors globala organisation \u00e5tagit sig att genomf\u00f6ra klimat\u00e5tg\u00e4rder som \u00e4r i linje med Parisavtalet. Lesj\u00f6fors \u00e4r den f\u00f6rsta fj\u00e4dertillverkaren i v\u00e4rlden att f\u00f6rbinda sig till detta.\" \/>\n<meta property=\"og:url\" content=\"https:\/\/www.lesjoforsab.com\/sv\/om-lesjofors\/nyheter\/lesjofors-signerar-atagande-for-att-na-hallbarhetsmalen-enligt-parisavtalet\/\" \/>\n<meta property=\"og:site_name\" content=\"Lesj\u00f6fors - Industrial Springs and Pressings\" \/>\n<meta property=\"article:published_time\" content=\"2023-10-31T08:40:00+00:00\" \/>\n<meta property=\"article:modified_time\" content=\"2023-11-03T14:27:07+00:00\" \/>\n<meta property=\"og:image\" content=\"https:\/\/www.lesjoforsab.com\/wp-content\/uploads\/user-uploads\/general-content\/news\/2023\/lesjofors_signingsbti_ola_and_anna.jpg\" \/>\n\t<meta property=\"og:image:width\" content=\"1200\" \/>\n\t<meta property=\"og:image:height\" content=\"674\" \/>\n\t<meta property=\"og:image:type\" content=\"image\/jpeg\" \/>\n<meta name=\"author\" content=\"Lesj\u00f6fors AB\" \/>\n<script type=\"application\/ld+json\" class=\"yoast-schema-graph\">{\"@context\":\"https:\/\/schema.org\",\"@graph\":[{\"@type\":\"Article\",\"@id\":\"https:\/\/www.lesjoforsab.com\/sv\/om-lesjofors\/nyheter\/lesjofors-signerar-atagande-for-att-na-hallbarhetsmalen-enligt-parisavtalet\/#article\",\"isPartOf\":{\"@id\":\"https:\/\/www.lesjoforsab.com\/sv\/om-lesjofors\/nyheter\/lesjofors-signerar-atagande-for-att-na-hallbarhetsmalen-enligt-parisavtalet\/\"},\"author\":{\"name\":\"Lesj\u00f6fors AB\",\"@id\":\"https:\/\/www.lesjoforsab.com\/sv\/#\/schema\/person\/a97f6b2b8aacd076901ad9f61a9ad34e\"},\"headline\":\"Lesj\u00f6fors signerar \u00e5tagande f\u00f6r att n\u00e5 h\u00e5llbarhetsm\u00e5len enligt Parisavtalet\u00a0\",\"datePublished\":\"2023-10-31T08:40:00+00:00\",\"dateModified\":\"2023-11-03T14:27:07+00:00\",\"mainEntityOfPage\":{\"@id\":\"https:\/\/www.lesjoforsab.com\/sv\/om-lesjofors\/nyheter\/lesjofors-signerar-atagande-for-att-na-hallbarhetsmalen-enligt-parisavtalet\/\"},\"wordCount\":647,\"publisher\":{\"@id\":\"https:\/\/www.lesjoforsab.com\/sv\/#organization\"},\"image\":{\"@id\":\"https:\/\/www.lesjoforsab.com\/sv\/om-lesjofors\/nyheter\/lesjofors-signerar-atagande-for-att-na-hallbarhetsmalen-enligt-parisavtalet\/#primaryimage\"},\"thumbnailUrl\":\"https:\/\/www.lesjoforsab.com\/wp-content\/uploads\/user-uploads\/general-content\/news\/2023\/lesjofors_signingsbti_ola_and_anna.jpg\",\"articleSection\":[\"News\"],\"inLanguage\":\"sv-SE\"},{\"@type\":\"WebPage\",\"@id\":\"https:\/\/www.lesjoforsab.com\/sv\/om-lesjofors\/nyheter\/lesjofors-signerar-atagande-for-att-na-hallbarhetsmalen-enligt-parisavtalet\/\",\"url\":\"https:\/\/www.lesjoforsab.com\/sv\/om-lesjofors\/nyheter\/lesjofors-signerar-atagande-for-att-na-hallbarhetsmalen-enligt-parisavtalet\/\",\"name\":\"Lesj\u00f6fors signerar \u00e5tagande f\u00f6r att n\u00e5 h\u00e5llbarhetsm\u00e5len enligt Parisavtalet\",\"isPartOf\":{\"@id\":\"https:\/\/www.lesjoforsab.com\/sv\/#website\"},\"primaryImageOfPage\":{\"@id\":\"https:\/\/www.lesjoforsab.com\/sv\/om-lesjofors\/nyheter\/lesjofors-signerar-atagande-for-att-na-hallbarhetsmalen-enligt-parisavtalet\/#primaryimage\"},\"image\":{\"@id\":\"https:\/\/www.lesjoforsab.com\/sv\/om-lesjofors\/nyheter\/lesjofors-signerar-atagande-for-att-na-hallbarhetsmalen-enligt-parisavtalet\/#primaryimage\"},\"thumbnailUrl\":\"https:\/\/www.lesjoforsab.com\/wp-content\/uploads\/user-uploads\/general-content\/news\/2023\/lesjofors_signingsbti_ola_and_anna.jpg\",\"datePublished\":\"2023-10-31T08:40:00+00:00\",\"dateModified\":\"2023-11-03T14:27:07+00:00\",\"description\":\"Lesj\u04e7forsgruppen har anslutit sig till Science Based Target Initiative (SBTi), i linje med Parisavtalet.\",\"breadcrumb\":{\"@id\":\"https:\/\/www.lesjoforsab.com\/sv\/om-lesjofors\/nyheter\/lesjofors-signerar-atagande-for-att-na-hallbarhetsmalen-enligt-parisavtalet\/#breadcrumb\"},\"inLanguage\":\"sv-SE\",\"potentialAction\":[{\"@type\":\"ReadAction\",\"target\":[\"https:\/\/www.lesjoforsab.com\/sv\/om-lesjofors\/nyheter\/lesjofors-signerar-atagande-for-att-na-hallbarhetsmalen-enligt-parisavtalet\/\"]}]},{\"@type\":\"ImageObject\",\"inLanguage\":\"sv-SE\",\"@id\":\"https:\/\/www.lesjoforsab.com\/sv\/om-lesjofors\/nyheter\/lesjofors-signerar-atagande-for-att-na-hallbarhetsmalen-enligt-parisavtalet\/#primaryimage\",\"url\":\"https:\/\/www.lesjoforsab.com\/wp-content\/uploads\/user-uploads\/general-content\/news\/2023\/lesjofors_signingsbti_ola_and_anna.jpg\",\"contentUrl\":\"https:\/\/www.lesjoforsab.com\/wp-content\/uploads\/user-uploads\/general-content\/news\/2023\/lesjofors_signingsbti_ola_and_anna.jpg\",\"width\":1200,\"height\":674,\"caption\":\"Ola Tengroth and Anna Haesert signing the SBTi\"},{\"@type\":\"BreadcrumbList\",\"@id\":\"https:\/\/www.lesjoforsab.com\/sv\/om-lesjofors\/nyheter\/lesjofors-signerar-atagande-for-att-na-hallbarhetsmalen-enligt-parisavtalet\/#breadcrumb\",\"itemListElement\":[{\"@type\":\"ListItem\",\"position\":1,\"name\":\"Startsida\",\"item\":\"https:\/\/www.lesjoforsab.com\/sv\/\"},{\"@type\":\"ListItem\",\"position\":2,\"name\":\"Lesj\u00f6fors signerar \u00e5tagande f\u00f6r att n\u00e5 h\u00e5llbarhetsm\u00e5len enligt Parisavtalet\u00a0\"}]},{\"@type\":\"WebSite\",\"@id\":\"https:\/\/www.lesjoforsab.com\/sv\/#website\",\"url\":\"https:\/\/www.lesjoforsab.com\/sv\/\",\"name\":\"Lesj\u00f6fors - Industrial Springs and Pressings\",\"description\":\"\",\"publisher\":{\"@id\":\"https:\/\/www.lesjoforsab.com\/sv\/#organization\"},\"potentialAction\":[{\"@type\":\"SearchAction\",\"target\":{\"@type\":\"EntryPoint\",\"urlTemplate\":\"https:\/\/www.lesjoforsab.com\/sv\/?s={search_term_string}\"},\"query-input\":{\"@type\":\"PropertyValueSpecification\",\"valueRequired\":true,\"valueName\":\"search_term_string\"}}],\"inLanguage\":\"sv-SE\"},{\"@type\":\"Organization\",\"@id\":\"https:\/\/www.lesjoforsab.com\/sv\/#organization\",\"name\":\"Lesj\u00f6fors AB\",\"url\":\"https:\/\/www.lesjoforsab.com\/sv\/\",\"logo\":{\"@type\":\"ImageObject\",\"inLanguage\":\"sv-SE\",\"@id\":\"https:\/\/www.lesjoforsab.com\/sv\/#\/schema\/logo\/image\/\",\"url\":\"https:\/\/www.lesjoforsab.com\/wp-content\/uploads\/User-Uploads\/Lesjoefors-Brand\/Logotypes\/lesjofors-logo-without-payoff.jpg\",\"contentUrl\":\"https:\/\/www.lesjoforsab.com\/wp-content\/uploads\/User-Uploads\/Lesjoefors-Brand\/Logotypes\/lesjofors-logo-without-payoff.jpg\",\"width\":1347,\"height\":378,\"caption\":\"Lesj\u00f6fors AB\"},\"image\":{\"@id\":\"https:\/\/www.lesjoforsab.com\/sv\/#\/schema\/logo\/image\/\"},\"sameAs\":[\"https:\/\/x.com\/lesjoforsgroup\",\"https:\/\/www.linkedin.com\/company\/lesjoforsab\/\",\"https:\/\/www.youtube.com\/user\/lesjoforsab\"]},{\"@type\":\"Person\",\"@id\":\"https:\/\/www.lesjoforsab.com\/sv\/#\/schema\/person\/a97f6b2b8aacd076901ad9f61a9ad34e\",\"name\":\"Lesj\u00f6fors AB\"}]}<\/script>\n<!-- \/ Yoast SEO plugin. -->","yoast_head_json":{"title":"Lesj\u00f6fors signerar \u00e5tagande f\u00f6r att n\u00e5 h\u00e5llbarhetsm\u00e5len enligt Parisavtalet","description":"Lesj\u04e7forsgruppen har anslutit sig till Science Based Target Initiative (SBTi), i linje med Parisavtalet.","robots":{"index":"index","follow":"follow","max-snippet":"max-snippet:-1","max-image-preview":"max-image-preview:large","max-video-preview":"max-video-preview:-1"},"canonical":"https:\/\/www.lesjoforsab.com\/sv\/om-lesjofors\/nyheter\/lesjofors-signerar-atagande-for-att-na-hallbarhetsmalen-enligt-parisavtalet\/","og_locale":"sv_SE","og_type":"article","og_title":"Lesj\u00f6fors signerar \u00e5tagande f\u00f6r att n\u00e5 h\u00e5llbarhetsm\u00e5len enligt Parisavtalet","og_description":"Genom att skriva under Science Based Target initiative (SBTi) har hela Lesj\u00f6fors globala organisation \u00e5tagit sig att genomf\u00f6ra klimat\u00e5tg\u00e4rder som \u00e4r i linje med Parisavtalet. Lesj\u00f6fors \u00e4r den f\u00f6rsta fj\u00e4dertillverkaren i v\u00e4rlden att f\u00f6rbinda sig till detta.","og_url":"https:\/\/www.lesjoforsab.com\/sv\/om-lesjofors\/nyheter\/lesjofors-signerar-atagande-for-att-na-hallbarhetsmalen-enligt-parisavtalet\/","og_site_name":"Lesj\u00f6fors - Industrial Springs and Pressings","article_published_time":"2023-10-31T08:40:00+00:00","article_modified_time":"2023-11-03T14:27:07+00:00","og_image":[{"width":1200,"height":674,"url":"https:\/\/www.lesjoforsab.com\/wp-content\/uploads\/user-uploads\/general-content\/news\/2023\/lesjofors_signingsbti_ola_and_anna.jpg","type":"image\/jpeg"}],"author":"Lesj\u00f6fors AB","schema":{"@context":"https:\/\/schema.org","@graph":[{"@type":"Article","@id":"https:\/\/www.lesjoforsab.com\/sv\/om-lesjofors\/nyheter\/lesjofors-signerar-atagande-for-att-na-hallbarhetsmalen-enligt-parisavtalet\/#article","isPartOf":{"@id":"https:\/\/www.lesjoforsab.com\/sv\/om-lesjofors\/nyheter\/lesjofors-signerar-atagande-for-att-na-hallbarhetsmalen-enligt-parisavtalet\/"},"author":{"name":"Lesj\u00f6fors AB","@id":"https:\/\/www.lesjoforsab.com\/sv\/#\/schema\/person\/a97f6b2b8aacd076901ad9f61a9ad34e"},"headline":"Lesj\u00f6fors signerar \u00e5tagande f\u00f6r att n\u00e5 h\u00e5llbarhetsm\u00e5len enligt Parisavtalet\u00a0","datePublished":"2023-10-31T08:40:00+00:00","dateModified":"2023-11-03T14:27:07+00:00","mainEntityOfPage":{"@id":"https:\/\/www.lesjoforsab.com\/sv\/om-lesjofors\/nyheter\/lesjofors-signerar-atagande-for-att-na-hallbarhetsmalen-enligt-parisavtalet\/"},"wordCount":647,"publisher":{"@id":"https:\/\/www.lesjoforsab.com\/sv\/#organization"},"image":{"@id":"https:\/\/www.lesjoforsab.com\/sv\/om-lesjofors\/nyheter\/lesjofors-signerar-atagande-for-att-na-hallbarhetsmalen-enligt-parisavtalet\/#primaryimage"},"thumbnailUrl":"https:\/\/www.lesjoforsab.com\/wp-content\/uploads\/user-uploads\/general-content\/news\/2023\/lesjofors_signingsbti_ola_and_anna.jpg","articleSection":["News"],"inLanguage":"sv-SE"},{"@type":"WebPage","@id":"https:\/\/www.lesjoforsab.com\/sv\/om-lesjofors\/nyheter\/lesjofors-signerar-atagande-for-att-na-hallbarhetsmalen-enligt-parisavtalet\/","url":"https:\/\/www.lesjoforsab.com\/sv\/om-lesjofors\/nyheter\/lesjofors-signerar-atagande-for-att-na-hallbarhetsmalen-enligt-parisavtalet\/","name":"Lesj\u00f6fors signerar \u00e5tagande f\u00f6r att n\u00e5 h\u00e5llbarhetsm\u00e5len enligt Parisavtalet","isPartOf":{"@id":"https:\/\/www.lesjoforsab.com\/sv\/#website"},"primaryImageOfPage":{"@id":"https:\/\/www.lesjoforsab.com\/sv\/om-lesjofors\/nyheter\/lesjofors-signerar-atagande-for-att-na-hallbarhetsmalen-enligt-parisavtalet\/#primaryimage"},"image":{"@id":"https:\/\/www.lesjoforsab.com\/sv\/om-lesjofors\/nyheter\/lesjofors-signerar-atagande-for-att-na-hallbarhetsmalen-enligt-parisavtalet\/#primaryimage"},"thumbnailUrl":"https:\/\/www.lesjoforsab.com\/wp-content\/uploads\/user-uploads\/general-content\/news\/2023\/lesjofors_signingsbti_ola_and_anna.jpg","datePublished":"2023-10-31T08:40:00+00:00","dateModified":"2023-11-03T14:27:07+00:00","description":"Lesj\u04e7forsgruppen har anslutit sig till Science Based Target Initiative (SBTi), i linje med Parisavtalet.","breadcrumb":{"@id":"https:\/\/www.lesjoforsab.com\/sv\/om-lesjofors\/nyheter\/lesjofors-signerar-atagande-for-att-na-hallbarhetsmalen-enligt-parisavtalet\/#breadcrumb"},"inLanguage":"sv-SE","potentialAction":[{"@type":"ReadAction","target":["https:\/\/www.lesjoforsab.com\/sv\/om-lesjofors\/nyheter\/lesjofors-signerar-atagande-for-att-na-hallbarhetsmalen-enligt-parisavtalet\/"]}]},{"@type":"ImageObject","inLanguage":"sv-SE","@id":"https:\/\/www.lesjoforsab.com\/sv\/om-lesjofors\/nyheter\/lesjofors-signerar-atagande-for-att-na-hallbarhetsmalen-enligt-parisavtalet\/#primaryimage","url":"https:\/\/www.lesjoforsab.com\/wp-content\/uploads\/user-uploads\/general-content\/news\/2023\/lesjofors_signingsbti_ola_and_anna.jpg","contentUrl":"https:\/\/www.lesjoforsab.com\/wp-content\/uploads\/user-uploads\/general-content\/news\/2023\/lesjofors_signingsbti_ola_and_anna.jpg","width":1200,"height":674,"caption":"Ola Tengroth and Anna Haesert signing the SBTi"},{"@type":"BreadcrumbList","@id":"https:\/\/www.lesjoforsab.com\/sv\/om-lesjofors\/nyheter\/lesjofors-signerar-atagande-for-att-na-hallbarhetsmalen-enligt-parisavtalet\/#breadcrumb","itemListElement":[{"@type":"ListItem","position":1,"name":"Startsida","item":"https:\/\/www.lesjoforsab.com\/sv\/"},{"@type":"ListItem","position":2,"name":"Lesj\u00f6fors signerar \u00e5tagande f\u00f6r att n\u00e5 h\u00e5llbarhetsm\u00e5len enligt Parisavtalet\u00a0"}]},{"@type":"WebSite","@id":"https:\/\/www.lesjoforsab.com\/sv\/#website","url":"https:\/\/www.lesjoforsab.com\/sv\/","name":"Lesj\u00f6fors - Industrial Springs and Pressings","description":"","publisher":{"@id":"https:\/\/www.lesjoforsab.com\/sv\/#organization"},"potentialAction":[{"@type":"SearchAction","target":{"@type":"EntryPoint","urlTemplate":"https:\/\/www.lesjoforsab.com\/sv\/?s={search_term_string}"},"query-input":{"@type":"PropertyValueSpecification","valueRequired":true,"valueName":"search_term_string"}}],"inLanguage":"sv-SE"},{"@type":"Organization","@id":"https:\/\/www.lesjoforsab.com\/sv\/#organization","name":"Lesj\u00f6fors AB","url":"https:\/\/www.lesjoforsab.com\/sv\/","logo":{"@type":"ImageObject","inLanguage":"sv-SE","@id":"https:\/\/www.lesjoforsab.com\/sv\/#\/schema\/logo\/image\/","url":"https:\/\/www.lesjoforsab.com\/wp-content\/uploads\/User-Uploads\/Lesjoefors-Brand\/Logotypes\/lesjofors-logo-without-payoff.jpg","contentUrl":"https:\/\/www.lesjoforsab.com\/wp-content\/uploads\/User-Uploads\/Lesjoefors-Brand\/Logotypes\/lesjofors-logo-without-payoff.jpg","width":1347,"height":378,"caption":"Lesj\u00f6fors AB"},"image":{"@id":"https:\/\/www.lesjoforsab.com\/sv\/#\/schema\/logo\/image\/"},"sameAs":["https:\/\/x.com\/lesjoforsgroup","https:\/\/www.linkedin.com\/company\/lesjoforsab\/","https:\/\/www.youtube.com\/user\/lesjoforsab"]},{"@type":"Person","@id":"https:\/\/www.lesjoforsab.com\/sv\/#\/schema\/person\/a97f6b2b8aacd076901ad9f61a9ad34e","name":"Lesj\u00f6fors AB"}]}},"_links":{"self":[{"href":"https:\/\/www.lesjoforsab.com\/sv\/wp-json\/wp\/v2\/posts\/71670","targetHints":{"allow":["GET"]}}],"collection":[{"href":"https:\/\/www.lesjoforsab.com\/sv\/wp-json\/wp\/v2\/posts"}],"about":[{"href":"https:\/\/www.lesjoforsab.com\/sv\/wp-json\/wp\/v2\/types\/post"}],"author":[{"embeddable":true,"href":"https:\/\/www.lesjoforsab.com\/sv\/wp-json\/wp\/v2\/users\/9"}],"replies":[{"embeddable":true,"href":"https:\/\/www.lesjoforsab.com\/sv\/wp-json\/wp\/v2\/comments?post=71670"}],"version-history":[{"count":12,"href":"https:\/\/www.lesjoforsab.com\/sv\/wp-json\/wp\/v2\/posts\/71670\/revisions"}],"predecessor-version":[{"id":72051,"href":"https:\/\/www.lesjoforsab.com\/sv\/wp-json\/wp\/v2\/posts\/71670\/revisions\/72051"}],"wp:featuredmedia":[{"embeddable":true,"href":"https:\/\/www.lesjoforsab.com\/sv\/wp-json\/wp\/v2\/media\/71602"}],"wp:attachment":[{"href":"https:\/\/www.lesjoforsab.com\/sv\/wp-json\/wp\/v2\/media?parent=71670"}],"wp:term":[{"taxonomy":"category","embeddable":true,"href":"https:\/\/www.lesjoforsab.com\/sv\/wp-json\/wp\/v2\/categories?post=71670"},{"taxonomy":"post_tag","embeddable":true,"href":"https:\/\/www.lesjoforsab.com\/sv\/wp-json\/wp\/v2\/tags?post=71670"}],"curies":[{"name":"wp","href":"https:\/\/api.w.org\/{rel}","templated":true}]}}