{"id":57654,"date":"2022-03-17T14:01:00","date_gmt":"2022-03-17T13:01:00","guid":{"rendered":"https:\/\/www.lesjoforsab.com\/?p=57654"},"modified":"2022-04-04T14:04:37","modified_gmt":"2022-04-04T12:04:37","slug":"lesjoforsbolaget-alcomex-startar-verksamhet-i-spanien","status":"publish","type":"post","link":"https:\/\/www.lesjoforsab.com\/sv\/om-lesjofors\/nyheter\/lesjoforsbolaget-alcomex-startar-verksamhet-i-spanien\/","title":{"rendered":"LESJ\u00d6FORSBOLAGET ALCOMEX STARTAR VERKSAMHET I SPANIEN"},"content":{"rendered":"\n<p>Det nya spanska bolaget Alcomex Muelles har sin bas i Valencia, den tredje st\u00f6rsta staden i Spanien. Valencia har ett strategiskt l\u00e4ge som Spaniens fr\u00e4msta last- och containerhamn i Medelhavet.<\/p>\n\n\n\n<h4 class=\"wp-block-heading\">STOR POTENTIAL<\/h4>\n\n\n\n<p>Det finns en stor potential f\u00f6r b\u00e5de industrifj\u00e4drar och garageportfj\u00e4drar i Spanien. Alcomex har l\u00e4nge s\u00e5lt sina produkter till b\u00e5de industri- och privatmarknadssegmentet i Spanien s\u00e5 namnet \u00e4r redan etablerat. Hela Les\u00f6forskoncernens sortiment kommer s\u00e5 sm\u00e5ningom att vara tillg\u00e4ngligt \u00e4ven p\u00e5 den spanska marknaden. Den spanska verksamheten kommer att ledas av Frederic Belet, f\u00f6rs\u00e4ljningschef i Frankrike som \u00e4ven pratar flytande spanska.<\/p>\n\n\n\n<h4 class=\"wp-block-heading\">EXPERTKUNSKAP SOM ADDERAR V\u00c4RDE<\/h4>\n\n\n\n<p><strong>Conrad Hietink<\/strong>, vd f\u00f6r Alcomex kommentar expansionen till Spanien:<\/p>\n\n\n\n<p><em>\u201dVi ser fram emot att leverera v\u00e5ra l\u00f6sningar till m\u00e5nga lokala akt\u00f6rer i Spanien. V\u00e5rt fr\u00e4msta fokus blir marknaden f\u00f6r d\u00f6rrfj\u00e4drar, ett segment d\u00e4r Alcomex \u00e4r ledande i Europa. N\u00e4r det g\u00e4ller industrifj\u00e4drar har vi mycket intressanta industrier att n\u00e4rma oss d\u00e4r vi genom v\u00e5r erfarenhet och expertis kan addera merv\u00e4rde. V\u00e5r koncern ser en mycket ljus framtid framf\u00f6r oss p\u00e5 denna nya marknad.\u201d<\/em><\/p>\n\n\n\n<p>B\u00e5de webbplatsen&nbsp;<a href=\"http:\/\/www.alcomexmuelles.es\/\">www.alcomexmuelles.es<\/a>&nbsp; och den spanska&nbsp;<a href=\"https:\/\/tienda.alcomexmuelles.es\/\">onlineshopen<\/a>&nbsp;\u00e4r aktiva och&nbsp; redo f\u00f6r att tillhandah\u00e5lla information och ta hand om best\u00e4llningar.<\/p>\n","protected":false},"excerpt":{"rendered":"<p>Nu expanderar Lesj\u00f6forskoncernen till en ny europeisk marknad \u2013 Spanien. V\u00e5rt nederl\u00e4ndska bolag Alcomex introducerar det h\u00f6gkvalitativa sortimentet av industrifj\u00e4drar och d\u00f6rrfj\u00e4drar till marknaden p\u00e5 den Iberiska halv\u00f6n.<\/p>\n","protected":false},"author":9,"featured_media":57613,"comment_status":"closed","ping_status":"closed","sticky":false,"template":"","format":"standard","meta":{"footnotes":""},"categories":[76],"tags":[],"class_list":["post-57654","post","type-post","status-publish","format-standard","has-post-thumbnail","hentry","category-news-sv"],"yoast_head":"<!-- This site is optimized with the Yoast SEO plugin v25.6 - https:\/\/yoast.com\/wordpress\/plugins\/seo\/ -->\n<title>Lesj\u00f6fors - Springs and Pressings<\/title>\n<meta name=\"description\" content=\"Lesj\u00f6fors \u00e4r en av v\u00e4rldens st\u00f6rsta tillverkare inom idustrifj\u00e4drar och banddetaljer.\" \/>\n<meta name=\"robots\" content=\"index, follow, max-snippet:-1, max-image-preview:large, max-video-preview:-1\" \/>\n<link rel=\"canonical\" href=\"https:\/\/www.lesjoforsab.com\/sv\/om-lesjofors\/nyheter\/lesjoforsbolaget-alcomex-startar-verksamhet-i-spanien\/\" \/>\n<meta property=\"og:locale\" content=\"sv_SE\" \/>\n<meta property=\"og:type\" content=\"article\" \/>\n<meta property=\"og:title\" content=\"Lesj\u00f6fors - Springs and Pressings\" \/>\n<meta property=\"og:description\" content=\"Lesj\u00f6fors \u00e4r en av v\u00e4rldens st\u00f6rsta tillverkare inom idustrifj\u00e4drar och banddetaljer.\" \/>\n<meta property=\"og:url\" content=\"https:\/\/www.lesjoforsab.com\/sv\/om-lesjofors\/nyheter\/lesjoforsbolaget-alcomex-startar-verksamhet-i-spanien\/\" \/>\n<meta property=\"og:site_name\" content=\"Lesj\u00f6fors - Industrial Springs and Pressings\" \/>\n<meta property=\"article:published_time\" content=\"2022-03-17T13:01:00+00:00\" \/>\n<meta property=\"article:modified_time\" content=\"2022-04-04T12:04:37+00:00\" \/>\n<meta property=\"og:image\" content=\"https:\/\/www.lesjoforsab.com\/wp-content\/uploads\/alcomex-spain.jpg\" \/>\n\t<meta property=\"og:image:width\" content=\"693\" \/>\n\t<meta property=\"og:image:height\" content=\"520\" \/>\n\t<meta property=\"og:image:type\" content=\"image\/jpeg\" \/>\n<meta name=\"author\" content=\"Lesj\u00f6fors AB\" \/>\n<script type=\"application\/ld+json\" class=\"yoast-schema-graph\">{\"@context\":\"https:\/\/schema.org\",\"@graph\":[{\"@type\":\"Article\",\"@id\":\"https:\/\/www.lesjoforsab.com\/sv\/om-lesjofors\/nyheter\/lesjoforsbolaget-alcomex-startar-verksamhet-i-spanien\/#article\",\"isPartOf\":{\"@id\":\"https:\/\/www.lesjoforsab.com\/sv\/om-lesjofors\/nyheter\/lesjoforsbolaget-alcomex-startar-verksamhet-i-spanien\/\"},\"author\":{\"name\":\"Lesj\u00f6fors AB\",\"@id\":\"https:\/\/www.lesjoforsab.com\/sv\/#\/schema\/person\/a97f6b2b8aacd076901ad9f61a9ad34e\"},\"headline\":\"LESJ\u00d6FORSBOLAGET ALCOMEX STARTAR VERKSAMHET I SPANIEN\",\"datePublished\":\"2022-03-17T13:01:00+00:00\",\"dateModified\":\"2022-04-04T12:04:37+00:00\",\"mainEntityOfPage\":{\"@id\":\"https:\/\/www.lesjoforsab.com\/sv\/om-lesjofors\/nyheter\/lesjoforsbolaget-alcomex-startar-verksamhet-i-spanien\/\"},\"wordCount\":244,\"publisher\":{\"@id\":\"https:\/\/www.lesjoforsab.com\/sv\/#organization\"},\"image\":{\"@id\":\"https:\/\/www.lesjoforsab.com\/sv\/om-lesjofors\/nyheter\/lesjoforsbolaget-alcomex-startar-verksamhet-i-spanien\/#primaryimage\"},\"thumbnailUrl\":\"https:\/\/www.lesjoforsab.com\/wp-content\/uploads\/alcomex-spain.jpg\",\"articleSection\":[\"News\"],\"inLanguage\":\"sv-SE\"},{\"@type\":\"WebPage\",\"@id\":\"https:\/\/www.lesjoforsab.com\/sv\/om-lesjofors\/nyheter\/lesjoforsbolaget-alcomex-startar-verksamhet-i-spanien\/\",\"url\":\"https:\/\/www.lesjoforsab.com\/sv\/om-lesjofors\/nyheter\/lesjoforsbolaget-alcomex-startar-verksamhet-i-spanien\/\",\"name\":\"Lesj\u00f6fors - Springs and Pressings\",\"isPartOf\":{\"@id\":\"https:\/\/www.lesjoforsab.com\/sv\/#website\"},\"primaryImageOfPage\":{\"@id\":\"https:\/\/www.lesjoforsab.com\/sv\/om-lesjofors\/nyheter\/lesjoforsbolaget-alcomex-startar-verksamhet-i-spanien\/#primaryimage\"},\"image\":{\"@id\":\"https:\/\/www.lesjoforsab.com\/sv\/om-lesjofors\/nyheter\/lesjoforsbolaget-alcomex-startar-verksamhet-i-spanien\/#primaryimage\"},\"thumbnailUrl\":\"https:\/\/www.lesjoforsab.com\/wp-content\/uploads\/alcomex-spain.jpg\",\"datePublished\":\"2022-03-17T13:01:00+00:00\",\"dateModified\":\"2022-04-04T12:04:37+00:00\",\"description\":\"Lesj\u00f6fors \u00e4r en av v\u00e4rldens st\u00f6rsta tillverkare inom idustrifj\u00e4drar och banddetaljer.\",\"breadcrumb\":{\"@id\":\"https:\/\/www.lesjoforsab.com\/sv\/om-lesjofors\/nyheter\/lesjoforsbolaget-alcomex-startar-verksamhet-i-spanien\/#breadcrumb\"},\"inLanguage\":\"sv-SE\",\"potentialAction\":[{\"@type\":\"ReadAction\",\"target\":[\"https:\/\/www.lesjoforsab.com\/sv\/om-lesjofors\/nyheter\/lesjoforsbolaget-alcomex-startar-verksamhet-i-spanien\/\"]}]},{\"@type\":\"ImageObject\",\"inLanguage\":\"sv-SE\",\"@id\":\"https:\/\/www.lesjoforsab.com\/sv\/om-lesjofors\/nyheter\/lesjoforsbolaget-alcomex-startar-verksamhet-i-spanien\/#primaryimage\",\"url\":\"https:\/\/www.lesjoforsab.com\/wp-content\/uploads\/alcomex-spain.jpg\",\"contentUrl\":\"https:\/\/www.lesjoforsab.com\/wp-content\/uploads\/alcomex-spain.jpg\",\"width\":693,\"height\":520},{\"@type\":\"BreadcrumbList\",\"@id\":\"https:\/\/www.lesjoforsab.com\/sv\/om-lesjofors\/nyheter\/lesjoforsbolaget-alcomex-startar-verksamhet-i-spanien\/#breadcrumb\",\"itemListElement\":[{\"@type\":\"ListItem\",\"position\":1,\"name\":\"Startsida\",\"item\":\"https:\/\/www.lesjoforsab.com\/sv\/\"},{\"@type\":\"ListItem\",\"position\":2,\"name\":\"LESJ\u00d6FORSBOLAGET ALCOMEX STARTAR VERKSAMHET I SPANIEN\"}]},{\"@type\":\"WebSite\",\"@id\":\"https:\/\/www.lesjoforsab.com\/sv\/#website\",\"url\":\"https:\/\/www.lesjoforsab.com\/sv\/\",\"name\":\"Lesj\u00f6fors - Industrial Springs and Pressings\",\"description\":\"\",\"publisher\":{\"@id\":\"https:\/\/www.lesjoforsab.com\/sv\/#organization\"},\"potentialAction\":[{\"@type\":\"SearchAction\",\"target\":{\"@type\":\"EntryPoint\",\"urlTemplate\":\"https:\/\/www.lesjoforsab.com\/sv\/?s={search_term_string}\"},\"query-input\":{\"@type\":\"PropertyValueSpecification\",\"valueRequired\":true,\"valueName\":\"search_term_string\"}}],\"inLanguage\":\"sv-SE\"},{\"@type\":\"Organization\",\"@id\":\"https:\/\/www.lesjoforsab.com\/sv\/#organization\",\"name\":\"Lesj\u00f6fors AB\",\"url\":\"https:\/\/www.lesjoforsab.com\/sv\/\",\"logo\":{\"@type\":\"ImageObject\",\"inLanguage\":\"sv-SE\",\"@id\":\"https:\/\/www.lesjoforsab.com\/sv\/#\/schema\/logo\/image\/\",\"url\":\"https:\/\/www.lesjoforsab.com\/wp-content\/uploads\/User-Uploads\/Lesjoefors-Brand\/Logotypes\/lesjofors-logo-without-payoff.jpg\",\"contentUrl\":\"https:\/\/www.lesjoforsab.com\/wp-content\/uploads\/User-Uploads\/Lesjoefors-Brand\/Logotypes\/lesjofors-logo-without-payoff.jpg\",\"width\":1347,\"height\":378,\"caption\":\"Lesj\u00f6fors AB\"},\"image\":{\"@id\":\"https:\/\/www.lesjoforsab.com\/sv\/#\/schema\/logo\/image\/\"},\"sameAs\":[\"https:\/\/x.com\/lesjoforsgroup\",\"https:\/\/www.linkedin.com\/company\/lesjoforsab\/\",\"https:\/\/www.youtube.com\/user\/lesjoforsab\"]},{\"@type\":\"Person\",\"@id\":\"https:\/\/www.lesjoforsab.com\/sv\/#\/schema\/person\/a97f6b2b8aacd076901ad9f61a9ad34e\",\"name\":\"Lesj\u00f6fors AB\"}]}<\/script>\n<!-- \/ Yoast SEO plugin. -->","yoast_head_json":{"title":"Lesj\u00f6fors - Springs and Pressings","description":"Lesj\u00f6fors \u00e4r en av v\u00e4rldens st\u00f6rsta tillverkare inom idustrifj\u00e4drar och banddetaljer.","robots":{"index":"index","follow":"follow","max-snippet":"max-snippet:-1","max-image-preview":"max-image-preview:large","max-video-preview":"max-video-preview:-1"},"canonical":"https:\/\/www.lesjoforsab.com\/sv\/om-lesjofors\/nyheter\/lesjoforsbolaget-alcomex-startar-verksamhet-i-spanien\/","og_locale":"sv_SE","og_type":"article","og_title":"Lesj\u00f6fors - Springs and Pressings","og_description":"Lesj\u00f6fors \u00e4r en av v\u00e4rldens st\u00f6rsta tillverkare inom idustrifj\u00e4drar och banddetaljer.","og_url":"https:\/\/www.lesjoforsab.com\/sv\/om-lesjofors\/nyheter\/lesjoforsbolaget-alcomex-startar-verksamhet-i-spanien\/","og_site_name":"Lesj\u00f6fors - Industrial Springs and Pressings","article_published_time":"2022-03-17T13:01:00+00:00","article_modified_time":"2022-04-04T12:04:37+00:00","og_image":[{"width":693,"height":520,"url":"https:\/\/www.lesjoforsab.com\/wp-content\/uploads\/alcomex-spain.jpg","type":"image\/jpeg"}],"author":"Lesj\u00f6fors AB","schema":{"@context":"https:\/\/schema.org","@graph":[{"@type":"Article","@id":"https:\/\/www.lesjoforsab.com\/sv\/om-lesjofors\/nyheter\/lesjoforsbolaget-alcomex-startar-verksamhet-i-spanien\/#article","isPartOf":{"@id":"https:\/\/www.lesjoforsab.com\/sv\/om-lesjofors\/nyheter\/lesjoforsbolaget-alcomex-startar-verksamhet-i-spanien\/"},"author":{"name":"Lesj\u00f6fors AB","@id":"https:\/\/www.lesjoforsab.com\/sv\/#\/schema\/person\/a97f6b2b8aacd076901ad9f61a9ad34e"},"headline":"LESJ\u00d6FORSBOLAGET ALCOMEX STARTAR VERKSAMHET I SPANIEN","datePublished":"2022-03-17T13:01:00+00:00","dateModified":"2022-04-04T12:04:37+00:00","mainEntityOfPage":{"@id":"https:\/\/www.lesjoforsab.com\/sv\/om-lesjofors\/nyheter\/lesjoforsbolaget-alcomex-startar-verksamhet-i-spanien\/"},"wordCount":244,"publisher":{"@id":"https:\/\/www.lesjoforsab.com\/sv\/#organization"},"image":{"@id":"https:\/\/www.lesjoforsab.com\/sv\/om-lesjofors\/nyheter\/lesjoforsbolaget-alcomex-startar-verksamhet-i-spanien\/#primaryimage"},"thumbnailUrl":"https:\/\/www.lesjoforsab.com\/wp-content\/uploads\/alcomex-spain.jpg","articleSection":["News"],"inLanguage":"sv-SE"},{"@type":"WebPage","@id":"https:\/\/www.lesjoforsab.com\/sv\/om-lesjofors\/nyheter\/lesjoforsbolaget-alcomex-startar-verksamhet-i-spanien\/","url":"https:\/\/www.lesjoforsab.com\/sv\/om-lesjofors\/nyheter\/lesjoforsbolaget-alcomex-startar-verksamhet-i-spanien\/","name":"Lesj\u00f6fors - Springs and Pressings","isPartOf":{"@id":"https:\/\/www.lesjoforsab.com\/sv\/#website"},"primaryImageOfPage":{"@id":"https:\/\/www.lesjoforsab.com\/sv\/om-lesjofors\/nyheter\/lesjoforsbolaget-alcomex-startar-verksamhet-i-spanien\/#primaryimage"},"image":{"@id":"https:\/\/www.lesjoforsab.com\/sv\/om-lesjofors\/nyheter\/lesjoforsbolaget-alcomex-startar-verksamhet-i-spanien\/#primaryimage"},"thumbnailUrl":"https:\/\/www.lesjoforsab.com\/wp-content\/uploads\/alcomex-spain.jpg","datePublished":"2022-03-17T13:01:00+00:00","dateModified":"2022-04-04T12:04:37+00:00","description":"Lesj\u00f6fors \u00e4r en av v\u00e4rldens st\u00f6rsta tillverkare inom idustrifj\u00e4drar och banddetaljer.","breadcrumb":{"@id":"https:\/\/www.lesjoforsab.com\/sv\/om-lesjofors\/nyheter\/lesjoforsbolaget-alcomex-startar-verksamhet-i-spanien\/#breadcrumb"},"inLanguage":"sv-SE","potentialAction":[{"@type":"ReadAction","target":["https:\/\/www.lesjoforsab.com\/sv\/om-lesjofors\/nyheter\/lesjoforsbolaget-alcomex-startar-verksamhet-i-spanien\/"]}]},{"@type":"ImageObject","inLanguage":"sv-SE","@id":"https:\/\/www.lesjoforsab.com\/sv\/om-lesjofors\/nyheter\/lesjoforsbolaget-alcomex-startar-verksamhet-i-spanien\/#primaryimage","url":"https:\/\/www.lesjoforsab.com\/wp-content\/uploads\/alcomex-spain.jpg","contentUrl":"https:\/\/www.lesjoforsab.com\/wp-content\/uploads\/alcomex-spain.jpg","width":693,"height":520},{"@type":"BreadcrumbList","@id":"https:\/\/www.lesjoforsab.com\/sv\/om-lesjofors\/nyheter\/lesjoforsbolaget-alcomex-startar-verksamhet-i-spanien\/#breadcrumb","itemListElement":[{"@type":"ListItem","position":1,"name":"Startsida","item":"https:\/\/www.lesjoforsab.com\/sv\/"},{"@type":"ListItem","position":2,"name":"LESJ\u00d6FORSBOLAGET ALCOMEX STARTAR VERKSAMHET I SPANIEN"}]},{"@type":"WebSite","@id":"https:\/\/www.lesjoforsab.com\/sv\/#website","url":"https:\/\/www.lesjoforsab.com\/sv\/","name":"Lesj\u00f6fors - Industrial Springs and Pressings","description":"","publisher":{"@id":"https:\/\/www.lesjoforsab.com\/sv\/#organization"},"potentialAction":[{"@type":"SearchAction","target":{"@type":"EntryPoint","urlTemplate":"https:\/\/www.lesjoforsab.com\/sv\/?s={search_term_string}"},"query-input":{"@type":"PropertyValueSpecification","valueRequired":true,"valueName":"search_term_string"}}],"inLanguage":"sv-SE"},{"@type":"Organization","@id":"https:\/\/www.lesjoforsab.com\/sv\/#organization","name":"Lesj\u00f6fors AB","url":"https:\/\/www.lesjoforsab.com\/sv\/","logo":{"@type":"ImageObject","inLanguage":"sv-SE","@id":"https:\/\/www.lesjoforsab.com\/sv\/#\/schema\/logo\/image\/","url":"https:\/\/www.lesjoforsab.com\/wp-content\/uploads\/User-Uploads\/Lesjoefors-Brand\/Logotypes\/lesjofors-logo-without-payoff.jpg","contentUrl":"https:\/\/www.lesjoforsab.com\/wp-content\/uploads\/User-Uploads\/Lesjoefors-Brand\/Logotypes\/lesjofors-logo-without-payoff.jpg","width":1347,"height":378,"caption":"Lesj\u00f6fors AB"},"image":{"@id":"https:\/\/www.lesjoforsab.com\/sv\/#\/schema\/logo\/image\/"},"sameAs":["https:\/\/x.com\/lesjoforsgroup","https:\/\/www.linkedin.com\/company\/lesjoforsab\/","https:\/\/www.youtube.com\/user\/lesjoforsab"]},{"@type":"Person","@id":"https:\/\/www.lesjoforsab.com\/sv\/#\/schema\/person\/a97f6b2b8aacd076901ad9f61a9ad34e","name":"Lesj\u00f6fors AB"}]}},"_links":{"self":[{"href":"https:\/\/www.lesjoforsab.com\/sv\/wp-json\/wp\/v2\/posts\/57654","targetHints":{"allow":["GET"]}}],"collection":[{"href":"https:\/\/www.lesjoforsab.com\/sv\/wp-json\/wp\/v2\/posts"}],"about":[{"href":"https:\/\/www.lesjoforsab.com\/sv\/wp-json\/wp\/v2\/types\/post"}],"author":[{"embeddable":true,"href":"https:\/\/www.lesjoforsab.com\/sv\/wp-json\/wp\/v2\/users\/9"}],"replies":[{"embeddable":true,"href":"https:\/\/www.lesjoforsab.com\/sv\/wp-json\/wp\/v2\/comments?post=57654"}],"version-history":[{"count":1,"href":"https:\/\/www.lesjoforsab.com\/sv\/wp-json\/wp\/v2\/posts\/57654\/revisions"}],"predecessor-version":[{"id":57655,"href":"https:\/\/www.lesjoforsab.com\/sv\/wp-json\/wp\/v2\/posts\/57654\/revisions\/57655"}],"wp:featuredmedia":[{"embeddable":true,"href":"https:\/\/www.lesjoforsab.com\/sv\/wp-json\/wp\/v2\/media\/57613"}],"wp:attachment":[{"href":"https:\/\/www.lesjoforsab.com\/sv\/wp-json\/wp\/v2\/media?parent=57654"}],"wp:term":[{"taxonomy":"category","embeddable":true,"href":"https:\/\/www.lesjoforsab.com\/sv\/wp-json\/wp\/v2\/categories?post=57654"},{"taxonomy":"post_tag","embeddable":true,"href":"https:\/\/www.lesjoforsab.com\/sv\/wp-json\/wp\/v2\/tags?post=57654"}],"curies":[{"name":"wp","href":"https:\/\/api.w.org\/{rel}","templated":true}]}}