{"id":19148,"date":"2020-02-10T13:24:53","date_gmt":"2020-02-10T12:24:53","guid":{"rendered":"https:\/\/www.lesjoforsab.com\/about-lesjofors\/news\/lesjoforsnovy-generalny-riaditel-vidime-vyzvy-a-prilezitosti-v-roku-2020\/"},"modified":"2020-07-22T14:04:59","modified_gmt":"2020-07-22T12:04:59","slug":"lesjoforsnovy-generalny-riaditel-vidime-vyzvy-a-prilezitosti-v-roku-2020","status":"publish","type":"post","link":"https:\/\/www.lesjoforsab.com\/sk\/o-pouzivatelovi-lesjofors\/novinky\/lesjoforsnovy-generalny-riaditel-vidime-vyzvy-a-prilezitosti-v-roku-2020\/","title":{"rendered":"Lesj\u00f6fors&#8217;nov\u00fd gener\u00e1lny riadite\u013e: &#8222;Vid\u00edme v\u00fdzvy a pr\u00edle\u017eitosti v roku 2020&#8220;"},"content":{"rendered":"\n<p>Rok 2019 ide do hist\u00f3rie ako ru\u0161n\u00fd rok pre Lesj\u00f6fors. Z\u00e1rove\u0148 s celkov\u00fdm obchodn\u00fdm cyklom vykazovali zn\u00e1mky recesie, mnoh\u00e9 spolo\u010dnosti Lesj\u00f6fors zaznamenali \u00faspe\u0161n\u00e9 spolupr\u00e1cu a mnoho nov\u00fdch opusten\u00fdch jarn\u00fdch inov\u00e1ci\u00ed. Zauj\u00edmav\u00fd projekt z inovat\u00edvnej perspekt\u00edvy stoj\u00ed za zmienku, je na\u0161e partnerstvo s Haldex, kde sme <a href=\"\/?p=6373\">dodali pru\u017einy a lisy na kot\u00fa\u010dov\u00fa brzdu <\/a>pre jedn\u00e9ho z popredn\u00fdch svetov\u00fdch v\u00fdrobcov n\u00e1kladn\u00fdch automobilov. \u010eal\u0161\u00edmi vzru\u0161uj\u00facimi projektmi, ktor\u00e9 sa maj\u00fa zv\u00fdrazni\u0165, boli na\u0161e listov\u00e9 pru\u017einy a spony v H\u00f6vdingu, \u0161v\u00e9dsky vyn\u00e1lez airbagu pre <a href=\"\/?p=6370\">cyklistov a nov\u00fd typ super dynamick\u00e9ho nap\u00ednacieho prame\u0148a pre nov\u00fa gener\u00e1ciu trampol\u00edn.<\/a><\/p>\n\n<h4 class=\"wp-block-heading\">Kompetencie v r\u00e1mci cel\u00e9ho pru\u017einov\u00e9ho spektra<\/h4>\n\n<p>Jarn\u00e1 kompetencia na\u0161ej skupiny je \u0161irok\u00e1 aj hlbok\u00e1. Jedn\u00fdm z mnoh\u00fdch pr\u00edkladov je v oblasti automobilov\u00fdch prame\u0148ov, kde na\u0161i odborn\u00edci na jar vyu\u017e\u00edvaj\u00fa a \u010falej rozv\u00edjaj\u00fa na\u0161e zru\u010dnosti v prospech na\u0161ich z\u00e1kazn\u00edkov. K\u013e\u00fa\u010dov\u00fdm faktorom n\u00e1\u0161ho \u00faspechu je zdie\u013eanie na\u0161ich vedomost\u00ed medzi na\u0161imi spolo\u010dnos\u0165ami a jeden sp\u00f4sob, ako to urobi\u0165, je na\u0161a v\u00fdro\u010dn\u00e1 konferencia pre jarn\u00fdch technikov, kde sme hlboko-ponori\u0165 sa do jarnej technol\u00f3gie. Niektor\u00e9 spolo\u010dnosti tie\u017e zariadi\u0165 dobre-nav\u0161tevoval z\u00e1kazn\u00edcky tr\u00e9ning na jar design.<\/p>\n\n<h4 class=\"wp-block-heading\">Ve\u013ek\u00e9 invest\u00edcie zjednodu\u0161\u00fa v\u00fdrobu<\/h4>\n\n<p>Na\u0161e siln\u00e9 financie umo\u017enili investova\u0165 do nov\u00fdch strojov a do roz\u0161\u00edren\u00fdch v\u00fdrobn\u00fdch a skladovac\u00edch zariaden\u00ed. Invest\u00edcie do environment\u00e1lnych, bezpe\u010dnostn\u00fdch a v\u00fdrobn\u00fdch zariaden\u00ed v na\u0161ej \u010d\u00ednskej spolo\u010dnosti v\u00fdrazne zv\u00fd\u0161ili na\u0161u konkurencieschopnos\u0165 v tejto oblasti. Urobili sme tie\u017e ve\u013ek\u00e9 invest\u00edcie do \u0161pi\u010dkov\u00fdch modern\u00fdch strojov v na\u0161ej britskej spolo\u010dnosti, rovnako ako v Tinglev, D\u00e1nsko, s nov\u00fdm vysokor\u00fdchlostn\u00fd stroj pre kompresn\u00e9 pru\u017einy, ktor\u00fd roz\u0161\u00edril ich kapacitu ve\u013ea.<\/p>\n\n<h4 class=\"wp-block-heading\">Akviz\u00edcie roz\u0161iruj\u00fa kapacitu a sortiment v\u00fdrobkov<\/h4>\n\n<p>\u010eal\u0161\u00edmi v\u00fdznamn\u00fdmi novinkami pre rozvoj skupiny Lesj\u00f6fors je akviz\u00edcia Tribelt a de Spiraal v Holandsku. Spolo\u010dnosti vyr\u00e1baj\u00fa technick\u00e9 pru\u017einy a priemyseln\u00e9 dr\u00f4ten\u00e9 v\u00fdrobky, ako aj dopravn\u00e9 p\u00e1sy. Lesj\u00f6fors tie\u017e z\u00edskal spojen\u00e9 plynov\u00e9 pru\u017einy a plynov\u00e9 vzpery v\u00fdrobcu Metrol Springs. Nov\u00e9 spolo\u010dnosti roz\u0161iruj\u00fa kapacitu aj sortiment v\u00fdrobkov a posil\u0148uj\u00fa na\u0161u poz\u00edciu jedn\u00e9ho z popredn\u00fdch svetov\u00fdch v\u00fdrobcov jari.<\/p>\n\n<h4 class=\"wp-block-heading\">V\u00fdzvy a pr\u00edle\u017eitosti v roku 2020<\/h4>\n\n<p>Vid\u00edme jasn\u00e9 n\u00e1znaky, \u017ee klesaj\u00faca krivka dopytu sa v prvej polovici roku 2020 zmen\u00ed, ke\u010f teraz m\u00e1me jasnej\u0161ia situ\u00e1cia okolo brexitu a obchodn\u00e9ho konfliktu medzi USA a \u010c\u00ednou. Vypuknutie v\u00edrusu Corona sp\u00f4sob\u00ed kr\u00e1tkodob\u00e9 naru\u0161enie na\u0161ej \u010d\u00ednskej produkcie a dod\u00e1vky z regi\u00f3nu.<\/p>\n\n<p>V\u010faka na\u0161im invest\u00edci\u00e1m a \u0161truktur\u00e1lnym prisp\u00f4sobis\u0165 sa situ\u00e1cii na trhu sme dobre pripraven\u00ed na zv\u00fd\u0161enie. Tlak na ceny a pokra\u010duj\u00faca konsolid\u00e1cia trhu si vy\u017eaduj\u00fa neust\u00e1ly siln\u00fd d\u00f4raz na racionaliz\u00e1ciu na\u0161ej produktivity. M\u00e1me dobr\u00e9 positon z\u00edska\u0165 podiely na trhu v niektor\u00fdch na\u0161ich priemyseln\u00fdch segmentov. V automobilovom trhu s n\u00e1hradn\u00fdmi dielmi vid\u00edme aj pr\u00edle\u017eitosti na zv\u00fd\u0161enie objemu a podielu na trhu, aj ke\u010f pre n\u00e1s po\u017eadovala aj pokra\u010duj\u00faca konsolid\u00e1cia z\u00e1kazn\u00edkov.<\/p>\n\n<p>M\u00e1me ve\u013ea nov\u00fdch zauj\u00edmav\u00fdch obchodn\u00fdch pr\u00edle\u017eitost\u00ed sledova\u0165, a to najm\u00e4 prostredn\u00edctvom na\u0161ich nov\u00fdch spolo\u010dnost\u00ed Metrol a Tribelt \/ De Spiraal. Na\u0161\u00edm cie\u013eom bude ich \u010fal\u0161ie roz\u0161\u00edrenie v roku 2020.<\/p>\n","protected":false},"excerpt":{"rendered":"<p>Lesj\u00f6forsov trh bol minul\u00fd rok v\u00fdrazne ovplyvnen\u00fd vonkaj\u0161\u00edmi faktormi. Celkov\u00fd pokles na automobilovom trhu s n\u00e1hradn\u00fdmi dielmi, neistota s brexitom a obchodn\u00fd konflikt medzi Amerikou a \u010c\u00ednou boli niektor\u00e9 z nich. Aby bol Lesj\u00f6fors pripraven\u00fd do bud\u00facnosti, uskuto\u010dnil ve\u013ek\u00e9 invest\u00edcie do existuj\u00facich oper\u00e1ci\u00ed a z\u00edskal vysokokvalifikovan\u00fdch v\u00fdrobcov jari. Lesj\u00f6fors &#8218;nov\u00fd gener\u00e1lny riadite\u013e d\u00e1va svoje n\u00e1zory na nadch\u00e1dzaj\u00faci v\u00fdvoj trhu.<\/p>\n","protected":false},"author":9,"featured_media":0,"comment_status":"closed","ping_status":"closed","sticky":false,"template":"","format":"standard","meta":{"footnotes":""},"categories":[223],"tags":[],"class_list":["post-19148","post","type-post","status-publish","format-standard","hentry","category-spravy"],"yoast_head":"<!-- This site is optimized with the Yoast SEO plugin v25.6 - https:\/\/yoast.com\/wordpress\/plugins\/seo\/ -->\n<title>\u0160tvr\u0165ro\u010dn\u00e1 aktualiz\u00e1cia z Lesj\u00f6fors - Q1 2020<\/title>\n<meta name=\"description\" content=\"Pozrite sa, ako gener\u00e1lny riadite\u013e Ola Tengroth pripravuje Lesj\u00f6fors do bud\u00facnosti a ktor\u00e9 ve\u013ek\u00e9 invest\u00edcie boli vykonan\u00e9. Pre\u010d\u00edtajte si viac my\u0161lienok o bud\u00facom v\u00fdvoji trhu.\" \/>\n<meta name=\"robots\" content=\"index, follow, max-snippet:-1, max-image-preview:large, max-video-preview:-1\" \/>\n<link rel=\"canonical\" href=\"https:\/\/www.lesjoforsab.com\/sk\/o-pouzivatelovi-lesjofors\/novinky\/lesjoforsnovy-generalny-riaditel-vidime-vyzvy-a-prilezitosti-v-roku-2020\/\" \/>\n<meta property=\"og:locale\" content=\"sk_SK\" \/>\n<meta property=\"og:type\" content=\"article\" \/>\n<meta property=\"og:title\" content=\"\u0160tvr\u0165ro\u010dn\u00e1 aktualiz\u00e1cia z Lesj\u00f6fors - Q1 2020\" \/>\n<meta property=\"og:description\" content=\"Pozrite sa, ako gener\u00e1lny riadite\u013e Ola Tengroth pripravuje Lesj\u00f6fors do bud\u00facnosti a ktor\u00e9 ve\u013ek\u00e9 invest\u00edcie boli vykonan\u00e9. Pre\u010d\u00edtajte si viac my\u0161lienok o bud\u00facom v\u00fdvoji trhu.\" \/>\n<meta property=\"og:url\" content=\"https:\/\/www.lesjoforsab.com\/sk\/o-pouzivatelovi-lesjofors\/novinky\/lesjoforsnovy-generalny-riaditel-vidime-vyzvy-a-prilezitosti-v-roku-2020\/\" \/>\n<meta property=\"og:site_name\" content=\"Lesj\u00f6fors - Industrial Springs and Pressings\" \/>\n<meta property=\"article:published_time\" content=\"2020-02-10T12:24:53+00:00\" \/>\n<meta property=\"article:modified_time\" content=\"2020-07-22T12:04:59+00:00\" \/>\n<meta property=\"og:image\" content=\"https:\/\/www.lesjoforsab.com\/wp-content\/uploads\/User-Uploads\/General-Content\/All-Stage-Images\/Stagebild-CustomSprings-Spring.jpg\" \/>\n\t<meta property=\"og:image:width\" content=\"1920\" \/>\n\t<meta property=\"og:image:height\" content=\"840\" \/>\n\t<meta property=\"og:image:type\" content=\"image\/jpeg\" \/>\n<meta name=\"author\" content=\"Lesj\u00f6fors AB\" \/>\n<script type=\"application\/ld+json\" class=\"yoast-schema-graph\">{\"@context\":\"https:\/\/schema.org\",\"@graph\":[{\"@type\":\"Article\",\"@id\":\"https:\/\/www.lesjoforsab.com\/sk\/o-pouzivatelovi-lesjofors\/novinky\/lesjoforsnovy-generalny-riaditel-vidime-vyzvy-a-prilezitosti-v-roku-2020\/#article\",\"isPartOf\":{\"@id\":\"https:\/\/www.lesjoforsab.com\/sk\/o-pouzivatelovi-lesjofors\/novinky\/lesjoforsnovy-generalny-riaditel-vidime-vyzvy-a-prilezitosti-v-roku-2020\/\"},\"author\":{\"name\":\"Lesj\u00f6fors AB\",\"@id\":\"https:\/\/www.lesjoforsab.com\/sk\/#\/schema\/person\/a97f6b2b8aacd076901ad9f61a9ad34e\"},\"headline\":\"Lesj\u00f6fors&#8217;nov\u00fd gener\u00e1lny riadite\u013e: &#8222;Vid\u00edme v\u00fdzvy a pr\u00edle\u017eitosti v roku 2020&#8220;\",\"datePublished\":\"2020-02-10T12:24:53+00:00\",\"dateModified\":\"2020-07-22T12:04:59+00:00\",\"mainEntityOfPage\":{\"@id\":\"https:\/\/www.lesjoforsab.com\/sk\/o-pouzivatelovi-lesjofors\/novinky\/lesjoforsnovy-generalny-riaditel-vidime-vyzvy-a-prilezitosti-v-roku-2020\/\"},\"wordCount\":663,\"publisher\":{\"@id\":\"https:\/\/www.lesjoforsab.com\/sk\/#organization\"},\"articleSection\":[\"Spr\u00e1vy\"],\"inLanguage\":\"sk-SK\"},{\"@type\":\"WebPage\",\"@id\":\"https:\/\/www.lesjoforsab.com\/sk\/o-pouzivatelovi-lesjofors\/novinky\/lesjoforsnovy-generalny-riaditel-vidime-vyzvy-a-prilezitosti-v-roku-2020\/\",\"url\":\"https:\/\/www.lesjoforsab.com\/sk\/o-pouzivatelovi-lesjofors\/novinky\/lesjoforsnovy-generalny-riaditel-vidime-vyzvy-a-prilezitosti-v-roku-2020\/\",\"name\":\"\u0160tvr\u0165ro\u010dn\u00e1 aktualiz\u00e1cia z Lesj\u00f6fors - Q1 2020\",\"isPartOf\":{\"@id\":\"https:\/\/www.lesjoforsab.com\/sk\/#website\"},\"datePublished\":\"2020-02-10T12:24:53+00:00\",\"dateModified\":\"2020-07-22T12:04:59+00:00\",\"description\":\"Pozrite sa, ako gener\u00e1lny riadite\u013e Ola Tengroth pripravuje Lesj\u00f6fors do bud\u00facnosti a ktor\u00e9 ve\u013ek\u00e9 invest\u00edcie boli vykonan\u00e9. Pre\u010d\u00edtajte si viac my\u0161lienok o bud\u00facom v\u00fdvoji trhu.\",\"breadcrumb\":{\"@id\":\"https:\/\/www.lesjoforsab.com\/sk\/o-pouzivatelovi-lesjofors\/novinky\/lesjoforsnovy-generalny-riaditel-vidime-vyzvy-a-prilezitosti-v-roku-2020\/#breadcrumb\"},\"inLanguage\":\"sk-SK\",\"potentialAction\":[{\"@type\":\"ReadAction\",\"target\":[\"https:\/\/www.lesjoforsab.com\/sk\/o-pouzivatelovi-lesjofors\/novinky\/lesjoforsnovy-generalny-riaditel-vidime-vyzvy-a-prilezitosti-v-roku-2020\/\"]}]},{\"@type\":\"BreadcrumbList\",\"@id\":\"https:\/\/www.lesjoforsab.com\/sk\/o-pouzivatelovi-lesjofors\/novinky\/lesjoforsnovy-generalny-riaditel-vidime-vyzvy-a-prilezitosti-v-roku-2020\/#breadcrumb\",\"itemListElement\":[{\"@type\":\"ListItem\",\"position\":1,\"name\":\"Domov\",\"item\":\"https:\/\/www.lesjoforsab.com\/sk\/\"},{\"@type\":\"ListItem\",\"position\":2,\"name\":\"Lesj\u00f6fors&#8217;nov\u00fd gener\u00e1lny riadite\u013e: &#8222;Vid\u00edme v\u00fdzvy a pr\u00edle\u017eitosti v roku 2020&#8220;\"}]},{\"@type\":\"WebSite\",\"@id\":\"https:\/\/www.lesjoforsab.com\/sk\/#website\",\"url\":\"https:\/\/www.lesjoforsab.com\/sk\/\",\"name\":\"Lesj\u00f6fors - Industrial Springs and Pressings\",\"description\":\"\",\"publisher\":{\"@id\":\"https:\/\/www.lesjoforsab.com\/sk\/#organization\"},\"potentialAction\":[{\"@type\":\"SearchAction\",\"target\":{\"@type\":\"EntryPoint\",\"urlTemplate\":\"https:\/\/www.lesjoforsab.com\/sk\/?s={search_term_string}\"},\"query-input\":{\"@type\":\"PropertyValueSpecification\",\"valueRequired\":true,\"valueName\":\"search_term_string\"}}],\"inLanguage\":\"sk-SK\"},{\"@type\":\"Organization\",\"@id\":\"https:\/\/www.lesjoforsab.com\/sk\/#organization\",\"name\":\"Lesj\u00f6fors AB\",\"url\":\"https:\/\/www.lesjoforsab.com\/sk\/\",\"logo\":{\"@type\":\"ImageObject\",\"inLanguage\":\"sk-SK\",\"@id\":\"https:\/\/www.lesjoforsab.com\/sk\/#\/schema\/logo\/image\/\",\"url\":\"https:\/\/www.lesjoforsab.com\/wp-content\/uploads\/User-Uploads\/Lesjoefors-Brand\/Logotypes\/lesjofors-logo-without-payoff.jpg\",\"contentUrl\":\"https:\/\/www.lesjoforsab.com\/wp-content\/uploads\/User-Uploads\/Lesjoefors-Brand\/Logotypes\/lesjofors-logo-without-payoff.jpg\",\"width\":1347,\"height\":378,\"caption\":\"Lesj\u00f6fors AB\"},\"image\":{\"@id\":\"https:\/\/www.lesjoforsab.com\/sk\/#\/schema\/logo\/image\/\"},\"sameAs\":[\"https:\/\/x.com\/lesjoforsgroup\",\"https:\/\/www.linkedin.com\/company\/lesjoforsab\/\",\"https:\/\/www.youtube.com\/user\/lesjoforsab\"]},{\"@type\":\"Person\",\"@id\":\"https:\/\/www.lesjoforsab.com\/sk\/#\/schema\/person\/a97f6b2b8aacd076901ad9f61a9ad34e\",\"name\":\"Lesj\u00f6fors AB\"}]}<\/script>\n<!-- \/ Yoast SEO plugin. -->","yoast_head_json":{"title":"\u0160tvr\u0165ro\u010dn\u00e1 aktualiz\u00e1cia z Lesj\u00f6fors - Q1 2020","description":"Pozrite sa, ako gener\u00e1lny riadite\u013e Ola Tengroth pripravuje Lesj\u00f6fors do bud\u00facnosti a ktor\u00e9 ve\u013ek\u00e9 invest\u00edcie boli vykonan\u00e9. Pre\u010d\u00edtajte si viac my\u0161lienok o bud\u00facom v\u00fdvoji trhu.","robots":{"index":"index","follow":"follow","max-snippet":"max-snippet:-1","max-image-preview":"max-image-preview:large","max-video-preview":"max-video-preview:-1"},"canonical":"https:\/\/www.lesjoforsab.com\/sk\/o-pouzivatelovi-lesjofors\/novinky\/lesjoforsnovy-generalny-riaditel-vidime-vyzvy-a-prilezitosti-v-roku-2020\/","og_locale":"sk_SK","og_type":"article","og_title":"\u0160tvr\u0165ro\u010dn\u00e1 aktualiz\u00e1cia z Lesj\u00f6fors - Q1 2020","og_description":"Pozrite sa, ako gener\u00e1lny riadite\u013e Ola Tengroth pripravuje Lesj\u00f6fors do bud\u00facnosti a ktor\u00e9 ve\u013ek\u00e9 invest\u00edcie boli vykonan\u00e9. Pre\u010d\u00edtajte si viac my\u0161lienok o bud\u00facom v\u00fdvoji trhu.","og_url":"https:\/\/www.lesjoforsab.com\/sk\/o-pouzivatelovi-lesjofors\/novinky\/lesjoforsnovy-generalny-riaditel-vidime-vyzvy-a-prilezitosti-v-roku-2020\/","og_site_name":"Lesj\u00f6fors - Industrial Springs and Pressings","article_published_time":"2020-02-10T12:24:53+00:00","article_modified_time":"2020-07-22T12:04:59+00:00","og_image":[{"width":1920,"height":840,"url":"https:\/\/www.lesjoforsab.com\/wp-content\/uploads\/User-Uploads\/General-Content\/All-Stage-Images\/Stagebild-CustomSprings-Spring.jpg","type":"image\/jpeg"}],"author":"Lesj\u00f6fors AB","schema":{"@context":"https:\/\/schema.org","@graph":[{"@type":"Article","@id":"https:\/\/www.lesjoforsab.com\/sk\/o-pouzivatelovi-lesjofors\/novinky\/lesjoforsnovy-generalny-riaditel-vidime-vyzvy-a-prilezitosti-v-roku-2020\/#article","isPartOf":{"@id":"https:\/\/www.lesjoforsab.com\/sk\/o-pouzivatelovi-lesjofors\/novinky\/lesjoforsnovy-generalny-riaditel-vidime-vyzvy-a-prilezitosti-v-roku-2020\/"},"author":{"name":"Lesj\u00f6fors AB","@id":"https:\/\/www.lesjoforsab.com\/sk\/#\/schema\/person\/a97f6b2b8aacd076901ad9f61a9ad34e"},"headline":"Lesj\u00f6fors&#8217;nov\u00fd gener\u00e1lny riadite\u013e: &#8222;Vid\u00edme v\u00fdzvy a pr\u00edle\u017eitosti v roku 2020&#8220;","datePublished":"2020-02-10T12:24:53+00:00","dateModified":"2020-07-22T12:04:59+00:00","mainEntityOfPage":{"@id":"https:\/\/www.lesjoforsab.com\/sk\/o-pouzivatelovi-lesjofors\/novinky\/lesjoforsnovy-generalny-riaditel-vidime-vyzvy-a-prilezitosti-v-roku-2020\/"},"wordCount":663,"publisher":{"@id":"https:\/\/www.lesjoforsab.com\/sk\/#organization"},"articleSection":["Spr\u00e1vy"],"inLanguage":"sk-SK"},{"@type":"WebPage","@id":"https:\/\/www.lesjoforsab.com\/sk\/o-pouzivatelovi-lesjofors\/novinky\/lesjoforsnovy-generalny-riaditel-vidime-vyzvy-a-prilezitosti-v-roku-2020\/","url":"https:\/\/www.lesjoforsab.com\/sk\/o-pouzivatelovi-lesjofors\/novinky\/lesjoforsnovy-generalny-riaditel-vidime-vyzvy-a-prilezitosti-v-roku-2020\/","name":"\u0160tvr\u0165ro\u010dn\u00e1 aktualiz\u00e1cia z Lesj\u00f6fors - Q1 2020","isPartOf":{"@id":"https:\/\/www.lesjoforsab.com\/sk\/#website"},"datePublished":"2020-02-10T12:24:53+00:00","dateModified":"2020-07-22T12:04:59+00:00","description":"Pozrite sa, ako gener\u00e1lny riadite\u013e Ola Tengroth pripravuje Lesj\u00f6fors do bud\u00facnosti a ktor\u00e9 ve\u013ek\u00e9 invest\u00edcie boli vykonan\u00e9. Pre\u010d\u00edtajte si viac my\u0161lienok o bud\u00facom v\u00fdvoji trhu.","breadcrumb":{"@id":"https:\/\/www.lesjoforsab.com\/sk\/o-pouzivatelovi-lesjofors\/novinky\/lesjoforsnovy-generalny-riaditel-vidime-vyzvy-a-prilezitosti-v-roku-2020\/#breadcrumb"},"inLanguage":"sk-SK","potentialAction":[{"@type":"ReadAction","target":["https:\/\/www.lesjoforsab.com\/sk\/o-pouzivatelovi-lesjofors\/novinky\/lesjoforsnovy-generalny-riaditel-vidime-vyzvy-a-prilezitosti-v-roku-2020\/"]}]},{"@type":"BreadcrumbList","@id":"https:\/\/www.lesjoforsab.com\/sk\/o-pouzivatelovi-lesjofors\/novinky\/lesjoforsnovy-generalny-riaditel-vidime-vyzvy-a-prilezitosti-v-roku-2020\/#breadcrumb","itemListElement":[{"@type":"ListItem","position":1,"name":"Domov","item":"https:\/\/www.lesjoforsab.com\/sk\/"},{"@type":"ListItem","position":2,"name":"Lesj\u00f6fors&#8217;nov\u00fd gener\u00e1lny riadite\u013e: &#8222;Vid\u00edme v\u00fdzvy a pr\u00edle\u017eitosti v roku 2020&#8220;"}]},{"@type":"WebSite","@id":"https:\/\/www.lesjoforsab.com\/sk\/#website","url":"https:\/\/www.lesjoforsab.com\/sk\/","name":"Lesj\u00f6fors - Industrial Springs and Pressings","description":"","publisher":{"@id":"https:\/\/www.lesjoforsab.com\/sk\/#organization"},"potentialAction":[{"@type":"SearchAction","target":{"@type":"EntryPoint","urlTemplate":"https:\/\/www.lesjoforsab.com\/sk\/?s={search_term_string}"},"query-input":{"@type":"PropertyValueSpecification","valueRequired":true,"valueName":"search_term_string"}}],"inLanguage":"sk-SK"},{"@type":"Organization","@id":"https:\/\/www.lesjoforsab.com\/sk\/#organization","name":"Lesj\u00f6fors AB","url":"https:\/\/www.lesjoforsab.com\/sk\/","logo":{"@type":"ImageObject","inLanguage":"sk-SK","@id":"https:\/\/www.lesjoforsab.com\/sk\/#\/schema\/logo\/image\/","url":"https:\/\/www.lesjoforsab.com\/wp-content\/uploads\/User-Uploads\/Lesjoefors-Brand\/Logotypes\/lesjofors-logo-without-payoff.jpg","contentUrl":"https:\/\/www.lesjoforsab.com\/wp-content\/uploads\/User-Uploads\/Lesjoefors-Brand\/Logotypes\/lesjofors-logo-without-payoff.jpg","width":1347,"height":378,"caption":"Lesj\u00f6fors AB"},"image":{"@id":"https:\/\/www.lesjoforsab.com\/sk\/#\/schema\/logo\/image\/"},"sameAs":["https:\/\/x.com\/lesjoforsgroup","https:\/\/www.linkedin.com\/company\/lesjoforsab\/","https:\/\/www.youtube.com\/user\/lesjoforsab"]},{"@type":"Person","@id":"https:\/\/www.lesjoforsab.com\/sk\/#\/schema\/person\/a97f6b2b8aacd076901ad9f61a9ad34e","name":"Lesj\u00f6fors AB"}]}},"_links":{"self":[{"href":"https:\/\/www.lesjoforsab.com\/sk\/wp-json\/wp\/v2\/posts\/19148","targetHints":{"allow":["GET"]}}],"collection":[{"href":"https:\/\/www.lesjoforsab.com\/sk\/wp-json\/wp\/v2\/posts"}],"about":[{"href":"https:\/\/www.lesjoforsab.com\/sk\/wp-json\/wp\/v2\/types\/post"}],"author":[{"embeddable":true,"href":"https:\/\/www.lesjoforsab.com\/sk\/wp-json\/wp\/v2\/users\/9"}],"replies":[{"embeddable":true,"href":"https:\/\/www.lesjoforsab.com\/sk\/wp-json\/wp\/v2\/comments?post=19148"}],"version-history":[{"count":0,"href":"https:\/\/www.lesjoforsab.com\/sk\/wp-json\/wp\/v2\/posts\/19148\/revisions"}],"wp:attachment":[{"href":"https:\/\/www.lesjoforsab.com\/sk\/wp-json\/wp\/v2\/media?parent=19148"}],"wp:term":[{"taxonomy":"category","embeddable":true,"href":"https:\/\/www.lesjoforsab.com\/sk\/wp-json\/wp\/v2\/categories?post=19148"},{"taxonomy":"post_tag","embeddable":true,"href":"https:\/\/www.lesjoforsab.com\/sk\/wp-json\/wp\/v2\/tags?post=19148"}],"curies":[{"name":"wp","href":"https:\/\/api.w.org\/{rel}","templated":true}]}}