{"id":98968,"date":"2025-11-03T07:55:24","date_gmt":"2025-11-03T06:55:24","guid":{"rendered":"https:\/\/www.lesjoforsab.com\/?p=98968"},"modified":"2025-11-03T07:55:45","modified_gmt":"2025-11-03T06:55:45","slug":"oscar-fredell-zum-ceo-lesjofors-ernannt","status":"publish","type":"post","link":"https:\/\/www.lesjoforsab.com\/de\/ueber-lesjoefors\/nachrichten\/oscar-fredell-zum-ceo-lesjofors-ernannt\/","title":{"rendered":"Oscar Fredell wird CEO von Lesj\u00f6fors und Beijer Alma"},"content":{"rendered":"\n<p>Fredell bringt langj\u00e4hrige Erfahrung in der F\u00fchrung und Weiterentwicklung internationaler Industrieunternehmen in dezentral organisierten Strukturen mit. Sein beruflicher Hintergrund umfasst strategische Unternehmensf\u00fchrung, Akquisitionen und nachhaltige Wertsch\u00f6pfung \u2013 zentrale Themen in <a href=\"https:\/\/beijeralma.se\/\">Beijer Almas<\/a> Bestreben, eine f\u00fchrende Gruppe unabh\u00e4ngiger, unternehmerisch gepr\u00e4gter Industrieunternehmen aufzubauen.<\/p>\n\n\n\n<p>\u201c<em>Lesj\u00f6fors ist ein hervorragend gef\u00fchrtes Unternehmen mit einer starken Marktposition und engagierten Managementteams in allen Bereichen<\/em>,\u201d sagt Oscar Fredell. <em>Ich freue mich darauf, gemeinsam mit ihnen die n\u00e4chste Wachstumsphase einzuleiten und Beijer Almas langfristige Ziele \u2013 profitables Wachstum und hohe Kapitalrendite \u2013 weiter voranzutreiben.<\/em> \u201d<\/p>\n\n\n\n<p><\/p>\n","protected":false},"excerpt":{"rendered":"<p>Oscar Fredell wurde zum CEO der Beijer-Alma-Gruppe ernannt und \u00fcbernimmt zugleich die Leitung der Tochtergesellschaft Lesj\u00f6fors. Er trat beide Funktionen am 3. November an.<\/p>\n","protected":false},"author":18,"featured_media":98959,"comment_status":"closed","ping_status":"closed","sticky":false,"template":"","format":"standard","meta":{"footnotes":""},"categories":[96],"tags":[],"class_list":["post-98968","post","type-post","status-publish","format-standard","has-post-thumbnail","hentry","category-news-de"],"yoast_head":"<!-- This site is optimized with the Yoast SEO plugin v25.6 - https:\/\/yoast.com\/wordpress\/plugins\/seo\/ -->\n<title>Oscar Fredell wird CEO von Lesj\u00f6fors und Beijer Alma<\/title>\n<meta name=\"description\" content=\"Oscar Fredell wird CEO von Lesj\u00f6fors und Beijer Alma. Mit seiner Industrieerfahrung st\u00e4rkt er Wachstum und Strategie der Beijer-Alma-Gruppe.\" \/>\n<meta name=\"robots\" content=\"index, follow, max-snippet:-1, max-image-preview:large, max-video-preview:-1\" \/>\n<link rel=\"canonical\" href=\"https:\/\/www.lesjoforsab.com\/de\/ueber-lesjoefors\/nachrichten\/oscar-fredell-zum-ceo-lesjofors-ernannt\/\" \/>\n<meta property=\"og:locale\" content=\"de_DE\" \/>\n<meta property=\"og:type\" content=\"article\" \/>\n<meta property=\"og:title\" content=\"Oscar Fredell wird CEO von Lesj\u00f6fors und Beijer Alma\" \/>\n<meta property=\"og:description\" content=\"Oscar Fredell wird CEO von Lesj\u00f6fors und Beijer Alma. Mit seiner Industrieerfahrung st\u00e4rkt er Wachstum und Strategie der Beijer-Alma-Gruppe.\" \/>\n<meta property=\"og:url\" content=\"https:\/\/www.lesjoforsab.com\/de\/ueber-lesjoefors\/nachrichten\/oscar-fredell-zum-ceo-lesjofors-ernannt\/\" \/>\n<meta property=\"og:site_name\" content=\"Lesj\u00f6fors - Industrial Springs and Pressings\" \/>\n<meta property=\"article:published_time\" content=\"2025-11-03T06:55:24+00:00\" \/>\n<meta property=\"article:modified_time\" content=\"2025-11-03T06:55:45+00:00\" \/>\n<meta property=\"og:image\" content=\"https:\/\/www.lesjoforsab.com\/wp-content\/uploads\/ba-oscar-fredell-04-internal-scaled.jpg\" \/>\n\t<meta property=\"og:image:width\" content=\"3840\" \/>\n\t<meta property=\"og:image:height\" content=\"2261\" \/>\n\t<meta property=\"og:image:type\" content=\"image\/jpeg\" \/>\n<meta name=\"author\" content=\"Lesj\u00f6fors AB\" \/>\n<script type=\"application\/ld+json\" class=\"yoast-schema-graph\">{\"@context\":\"https:\/\/schema.org\",\"@graph\":[{\"@type\":\"Article\",\"@id\":\"https:\/\/www.lesjoforsab.com\/de\/ueber-lesjoefors\/nachrichten\/oscar-fredell-zum-ceo-lesjofors-ernannt\/#article\",\"isPartOf\":{\"@id\":\"https:\/\/www.lesjoforsab.com\/de\/ueber-lesjoefors\/nachrichten\/oscar-fredell-zum-ceo-lesjofors-ernannt\/\"},\"author\":{\"name\":\"Lesj\u00f6fors AB\",\"@id\":\"https:\/\/www.lesjoforsab.com\/de\/#\/schema\/person\/423885ce2f0456fde4fb6388d8abdc9d\"},\"headline\":\"Oscar Fredell wird CEO von Lesj\u00f6fors und Beijer Alma\",\"datePublished\":\"2025-11-03T06:55:24+00:00\",\"dateModified\":\"2025-11-03T06:55:45+00:00\",\"mainEntityOfPage\":{\"@id\":\"https:\/\/www.lesjoforsab.com\/de\/ueber-lesjoefors\/nachrichten\/oscar-fredell-zum-ceo-lesjofors-ernannt\/\"},\"wordCount\":102,\"publisher\":{\"@id\":\"https:\/\/www.lesjoforsab.com\/de\/#organization\"},\"image\":{\"@id\":\"https:\/\/www.lesjoforsab.com\/de\/ueber-lesjoefors\/nachrichten\/oscar-fredell-zum-ceo-lesjofors-ernannt\/#primaryimage\"},\"thumbnailUrl\":\"https:\/\/www.lesjoforsab.com\/wp-content\/uploads\/ba-oscar-fredell-04-internal-scaled.jpg\",\"articleSection\":[\"News\"],\"inLanguage\":\"de\"},{\"@type\":\"WebPage\",\"@id\":\"https:\/\/www.lesjoforsab.com\/de\/ueber-lesjoefors\/nachrichten\/oscar-fredell-zum-ceo-lesjofors-ernannt\/\",\"url\":\"https:\/\/www.lesjoforsab.com\/de\/ueber-lesjoefors\/nachrichten\/oscar-fredell-zum-ceo-lesjofors-ernannt\/\",\"name\":\"Oscar Fredell wird CEO von Lesj\u00f6fors und Beijer Alma\",\"isPartOf\":{\"@id\":\"https:\/\/www.lesjoforsab.com\/de\/#website\"},\"primaryImageOfPage\":{\"@id\":\"https:\/\/www.lesjoforsab.com\/de\/ueber-lesjoefors\/nachrichten\/oscar-fredell-zum-ceo-lesjofors-ernannt\/#primaryimage\"},\"image\":{\"@id\":\"https:\/\/www.lesjoforsab.com\/de\/ueber-lesjoefors\/nachrichten\/oscar-fredell-zum-ceo-lesjofors-ernannt\/#primaryimage\"},\"thumbnailUrl\":\"https:\/\/www.lesjoforsab.com\/wp-content\/uploads\/ba-oscar-fredell-04-internal-scaled.jpg\",\"datePublished\":\"2025-11-03T06:55:24+00:00\",\"dateModified\":\"2025-11-03T06:55:45+00:00\",\"description\":\"Oscar Fredell wird CEO von Lesj\u00f6fors und Beijer Alma. Mit seiner Industrieerfahrung st\u00e4rkt er Wachstum und Strategie der Beijer-Alma-Gruppe.\",\"breadcrumb\":{\"@id\":\"https:\/\/www.lesjoforsab.com\/de\/ueber-lesjoefors\/nachrichten\/oscar-fredell-zum-ceo-lesjofors-ernannt\/#breadcrumb\"},\"inLanguage\":\"de\",\"potentialAction\":[{\"@type\":\"ReadAction\",\"target\":[\"https:\/\/www.lesjoforsab.com\/de\/ueber-lesjoefors\/nachrichten\/oscar-fredell-zum-ceo-lesjofors-ernannt\/\"]}]},{\"@type\":\"ImageObject\",\"inLanguage\":\"de\",\"@id\":\"https:\/\/www.lesjoforsab.com\/de\/ueber-lesjoefors\/nachrichten\/oscar-fredell-zum-ceo-lesjofors-ernannt\/#primaryimage\",\"url\":\"https:\/\/www.lesjoforsab.com\/wp-content\/uploads\/ba-oscar-fredell-04-internal-scaled.jpg\",\"contentUrl\":\"https:\/\/www.lesjoforsab.com\/wp-content\/uploads\/ba-oscar-fredell-04-internal-scaled.jpg\",\"width\":3840,\"height\":2261},{\"@type\":\"BreadcrumbList\",\"@id\":\"https:\/\/www.lesjoforsab.com\/de\/ueber-lesjoefors\/nachrichten\/oscar-fredell-zum-ceo-lesjofors-ernannt\/#breadcrumb\",\"itemListElement\":[{\"@type\":\"ListItem\",\"position\":1,\"name\":\"Home\",\"item\":\"https:\/\/www.lesjoforsab.com\/de\/\"},{\"@type\":\"ListItem\",\"position\":2,\"name\":\"Oscar Fredell wird CEO von Lesj\u00f6fors und Beijer Alma\"}]},{\"@type\":\"WebSite\",\"@id\":\"https:\/\/www.lesjoforsab.com\/de\/#website\",\"url\":\"https:\/\/www.lesjoforsab.com\/de\/\",\"name\":\"Lesj\u00f6fors - Industrial Springs and Pressings\",\"description\":\"\",\"publisher\":{\"@id\":\"https:\/\/www.lesjoforsab.com\/de\/#organization\"},\"potentialAction\":[{\"@type\":\"SearchAction\",\"target\":{\"@type\":\"EntryPoint\",\"urlTemplate\":\"https:\/\/www.lesjoforsab.com\/de\/?s={search_term_string}\"},\"query-input\":{\"@type\":\"PropertyValueSpecification\",\"valueRequired\":true,\"valueName\":\"search_term_string\"}}],\"inLanguage\":\"de\"},{\"@type\":\"Organization\",\"@id\":\"https:\/\/www.lesjoforsab.com\/de\/#organization\",\"name\":\"Lesj\u00f6fors AB\",\"url\":\"https:\/\/www.lesjoforsab.com\/de\/\",\"logo\":{\"@type\":\"ImageObject\",\"inLanguage\":\"de\",\"@id\":\"https:\/\/www.lesjoforsab.com\/de\/#\/schema\/logo\/image\/\",\"url\":\"https:\/\/www.lesjoforsab.com\/wp-content\/uploads\/User-Uploads\/Lesjoefors-Brand\/Logotypes\/lesjofors-logo-without-payoff.jpg\",\"contentUrl\":\"https:\/\/www.lesjoforsab.com\/wp-content\/uploads\/User-Uploads\/Lesjoefors-Brand\/Logotypes\/lesjofors-logo-without-payoff.jpg\",\"width\":1347,\"height\":378,\"caption\":\"Lesj\u00f6fors AB\"},\"image\":{\"@id\":\"https:\/\/www.lesjoforsab.com\/de\/#\/schema\/logo\/image\/\"},\"sameAs\":[\"https:\/\/x.com\/lesjoforsgroup\",\"https:\/\/www.linkedin.com\/company\/lesjoforsab\/\",\"https:\/\/www.youtube.com\/user\/lesjoforsab\"]},{\"@type\":\"Person\",\"@id\":\"https:\/\/www.lesjoforsab.com\/de\/#\/schema\/person\/423885ce2f0456fde4fb6388d8abdc9d\",\"name\":\"Lesj\u00f6fors AB\"}]}<\/script>\n<!-- \/ Yoast SEO plugin. -->","yoast_head_json":{"title":"Oscar Fredell wird CEO von Lesj\u00f6fors und Beijer Alma","description":"Oscar Fredell wird CEO von Lesj\u00f6fors und Beijer Alma. Mit seiner Industrieerfahrung st\u00e4rkt er Wachstum und Strategie der Beijer-Alma-Gruppe.","robots":{"index":"index","follow":"follow","max-snippet":"max-snippet:-1","max-image-preview":"max-image-preview:large","max-video-preview":"max-video-preview:-1"},"canonical":"https:\/\/www.lesjoforsab.com\/de\/ueber-lesjoefors\/nachrichten\/oscar-fredell-zum-ceo-lesjofors-ernannt\/","og_locale":"de_DE","og_type":"article","og_title":"Oscar Fredell wird CEO von Lesj\u00f6fors und Beijer Alma","og_description":"Oscar Fredell wird CEO von Lesj\u00f6fors und Beijer Alma. Mit seiner Industrieerfahrung st\u00e4rkt er Wachstum und Strategie der Beijer-Alma-Gruppe.","og_url":"https:\/\/www.lesjoforsab.com\/de\/ueber-lesjoefors\/nachrichten\/oscar-fredell-zum-ceo-lesjofors-ernannt\/","og_site_name":"Lesj\u00f6fors - Industrial Springs and Pressings","article_published_time":"2025-11-03T06:55:24+00:00","article_modified_time":"2025-11-03T06:55:45+00:00","og_image":[{"width":3840,"height":2261,"url":"https:\/\/www.lesjoforsab.com\/wp-content\/uploads\/ba-oscar-fredell-04-internal-scaled.jpg","type":"image\/jpeg"}],"author":"Lesj\u00f6fors AB","schema":{"@context":"https:\/\/schema.org","@graph":[{"@type":"Article","@id":"https:\/\/www.lesjoforsab.com\/de\/ueber-lesjoefors\/nachrichten\/oscar-fredell-zum-ceo-lesjofors-ernannt\/#article","isPartOf":{"@id":"https:\/\/www.lesjoforsab.com\/de\/ueber-lesjoefors\/nachrichten\/oscar-fredell-zum-ceo-lesjofors-ernannt\/"},"author":{"name":"Lesj\u00f6fors AB","@id":"https:\/\/www.lesjoforsab.com\/de\/#\/schema\/person\/423885ce2f0456fde4fb6388d8abdc9d"},"headline":"Oscar Fredell wird CEO von Lesj\u00f6fors und Beijer Alma","datePublished":"2025-11-03T06:55:24+00:00","dateModified":"2025-11-03T06:55:45+00:00","mainEntityOfPage":{"@id":"https:\/\/www.lesjoforsab.com\/de\/ueber-lesjoefors\/nachrichten\/oscar-fredell-zum-ceo-lesjofors-ernannt\/"},"wordCount":102,"publisher":{"@id":"https:\/\/www.lesjoforsab.com\/de\/#organization"},"image":{"@id":"https:\/\/www.lesjoforsab.com\/de\/ueber-lesjoefors\/nachrichten\/oscar-fredell-zum-ceo-lesjofors-ernannt\/#primaryimage"},"thumbnailUrl":"https:\/\/www.lesjoforsab.com\/wp-content\/uploads\/ba-oscar-fredell-04-internal-scaled.jpg","articleSection":["News"],"inLanguage":"de"},{"@type":"WebPage","@id":"https:\/\/www.lesjoforsab.com\/de\/ueber-lesjoefors\/nachrichten\/oscar-fredell-zum-ceo-lesjofors-ernannt\/","url":"https:\/\/www.lesjoforsab.com\/de\/ueber-lesjoefors\/nachrichten\/oscar-fredell-zum-ceo-lesjofors-ernannt\/","name":"Oscar Fredell wird CEO von Lesj\u00f6fors und Beijer Alma","isPartOf":{"@id":"https:\/\/www.lesjoforsab.com\/de\/#website"},"primaryImageOfPage":{"@id":"https:\/\/www.lesjoforsab.com\/de\/ueber-lesjoefors\/nachrichten\/oscar-fredell-zum-ceo-lesjofors-ernannt\/#primaryimage"},"image":{"@id":"https:\/\/www.lesjoforsab.com\/de\/ueber-lesjoefors\/nachrichten\/oscar-fredell-zum-ceo-lesjofors-ernannt\/#primaryimage"},"thumbnailUrl":"https:\/\/www.lesjoforsab.com\/wp-content\/uploads\/ba-oscar-fredell-04-internal-scaled.jpg","datePublished":"2025-11-03T06:55:24+00:00","dateModified":"2025-11-03T06:55:45+00:00","description":"Oscar Fredell wird CEO von Lesj\u00f6fors und Beijer Alma. Mit seiner Industrieerfahrung st\u00e4rkt er Wachstum und Strategie der Beijer-Alma-Gruppe.","breadcrumb":{"@id":"https:\/\/www.lesjoforsab.com\/de\/ueber-lesjoefors\/nachrichten\/oscar-fredell-zum-ceo-lesjofors-ernannt\/#breadcrumb"},"inLanguage":"de","potentialAction":[{"@type":"ReadAction","target":["https:\/\/www.lesjoforsab.com\/de\/ueber-lesjoefors\/nachrichten\/oscar-fredell-zum-ceo-lesjofors-ernannt\/"]}]},{"@type":"ImageObject","inLanguage":"de","@id":"https:\/\/www.lesjoforsab.com\/de\/ueber-lesjoefors\/nachrichten\/oscar-fredell-zum-ceo-lesjofors-ernannt\/#primaryimage","url":"https:\/\/www.lesjoforsab.com\/wp-content\/uploads\/ba-oscar-fredell-04-internal-scaled.jpg","contentUrl":"https:\/\/www.lesjoforsab.com\/wp-content\/uploads\/ba-oscar-fredell-04-internal-scaled.jpg","width":3840,"height":2261},{"@type":"BreadcrumbList","@id":"https:\/\/www.lesjoforsab.com\/de\/ueber-lesjoefors\/nachrichten\/oscar-fredell-zum-ceo-lesjofors-ernannt\/#breadcrumb","itemListElement":[{"@type":"ListItem","position":1,"name":"Home","item":"https:\/\/www.lesjoforsab.com\/de\/"},{"@type":"ListItem","position":2,"name":"Oscar Fredell wird CEO von Lesj\u00f6fors und Beijer Alma"}]},{"@type":"WebSite","@id":"https:\/\/www.lesjoforsab.com\/de\/#website","url":"https:\/\/www.lesjoforsab.com\/de\/","name":"Lesj\u00f6fors - Industrial Springs and Pressings","description":"","publisher":{"@id":"https:\/\/www.lesjoforsab.com\/de\/#organization"},"potentialAction":[{"@type":"SearchAction","target":{"@type":"EntryPoint","urlTemplate":"https:\/\/www.lesjoforsab.com\/de\/?s={search_term_string}"},"query-input":{"@type":"PropertyValueSpecification","valueRequired":true,"valueName":"search_term_string"}}],"inLanguage":"de"},{"@type":"Organization","@id":"https:\/\/www.lesjoforsab.com\/de\/#organization","name":"Lesj\u00f6fors AB","url":"https:\/\/www.lesjoforsab.com\/de\/","logo":{"@type":"ImageObject","inLanguage":"de","@id":"https:\/\/www.lesjoforsab.com\/de\/#\/schema\/logo\/image\/","url":"https:\/\/www.lesjoforsab.com\/wp-content\/uploads\/User-Uploads\/Lesjoefors-Brand\/Logotypes\/lesjofors-logo-without-payoff.jpg","contentUrl":"https:\/\/www.lesjoforsab.com\/wp-content\/uploads\/User-Uploads\/Lesjoefors-Brand\/Logotypes\/lesjofors-logo-without-payoff.jpg","width":1347,"height":378,"caption":"Lesj\u00f6fors AB"},"image":{"@id":"https:\/\/www.lesjoforsab.com\/de\/#\/schema\/logo\/image\/"},"sameAs":["https:\/\/x.com\/lesjoforsgroup","https:\/\/www.linkedin.com\/company\/lesjoforsab\/","https:\/\/www.youtube.com\/user\/lesjoforsab"]},{"@type":"Person","@id":"https:\/\/www.lesjoforsab.com\/de\/#\/schema\/person\/423885ce2f0456fde4fb6388d8abdc9d","name":"Lesj\u00f6fors AB"}]}},"_links":{"self":[{"href":"https:\/\/www.lesjoforsab.com\/de\/wp-json\/wp\/v2\/posts\/98968","targetHints":{"allow":["GET"]}}],"collection":[{"href":"https:\/\/www.lesjoforsab.com\/de\/wp-json\/wp\/v2\/posts"}],"about":[{"href":"https:\/\/www.lesjoforsab.com\/de\/wp-json\/wp\/v2\/types\/post"}],"author":[{"embeddable":true,"href":"https:\/\/www.lesjoforsab.com\/de\/wp-json\/wp\/v2\/users\/18"}],"replies":[{"embeddable":true,"href":"https:\/\/www.lesjoforsab.com\/de\/wp-json\/wp\/v2\/comments?post=98968"}],"version-history":[{"count":1,"href":"https:\/\/www.lesjoforsab.com\/de\/wp-json\/wp\/v2\/posts\/98968\/revisions"}],"predecessor-version":[{"id":98969,"href":"https:\/\/www.lesjoforsab.com\/de\/wp-json\/wp\/v2\/posts\/98968\/revisions\/98969"}],"wp:featuredmedia":[{"embeddable":true,"href":"https:\/\/www.lesjoforsab.com\/de\/wp-json\/wp\/v2\/media\/98959"}],"wp:attachment":[{"href":"https:\/\/www.lesjoforsab.com\/de\/wp-json\/wp\/v2\/media?parent=98968"}],"wp:term":[{"taxonomy":"category","embeddable":true,"href":"https:\/\/www.lesjoforsab.com\/de\/wp-json\/wp\/v2\/categories?post=98968"},{"taxonomy":"post_tag","embeddable":true,"href":"https:\/\/www.lesjoforsab.com\/de\/wp-json\/wp\/v2\/tags?post=98968"}],"curies":[{"name":"wp","href":"https:\/\/api.w.org\/{rel}","templated":true}]}}