{"id":43972,"date":"2021-07-27T14:05:00","date_gmt":"2021-07-27T12:05:00","guid":{"rendered":"https:\/\/www.lesjoforsab.com\/?p=43972"},"modified":"2021-07-27T15:57:23","modified_gmt":"2021-07-27T13:57:23","slug":"mitarbeiter-in-vertrieb-innendienst-m-w-d","status":"publish","type":"post","link":"https:\/\/www.lesjoforsab.com\/de\/ueber-lesjoefors\/nachrichten\/mitarbeiter-in-vertrieb-innendienst-m-w-d\/","title":{"rendered":"Mitarbeiter\/in Vertrieb Innendienst (m\/w\/d)"},"content":{"rendered":"\n<p>Lesj\u00f6fors&nbsp; ist eine weltweit agierende Unternehmensgruppe, die in den Bereichen Entwicklung und<br>Herstellung von technischen Federn, Biegeteilen und Stanzteilen sowie Gasfedern t\u00e4tig ist.<br><br>Mit mehr als 1.800 Besch\u00e4ftigten in \u00fcber 25 Produktionswerken in Europa, Asien und USA geh\u00f6rt die Lesj\u00f6fors-Gruppe zu den f\u00fchrenden Unternehmen in der Federnindustrie. Hohe Qualit\u00e4tsanspr\u00fcche und zuverl\u00e4ssige Betreuung der Kunden kennzeichnen unsere Gruppe.<br><br>Unsere besondere St\u00e4rke ist die Entwicklung und Herstellung kundenindividueller technischer Federn<br>sowie von Biege- und Stanzteilen und Gasdruckfedern in Zusammenarbeit mit unseren Kunden.<br><br>F\u00fcr unsere Niederlassung <strong>in Hagen<\/strong> suchen wir per direkt:<\/p>\n\n\n\n<p><strong>Mitarbeiter\/in Vertrieb Innendienst (m\/w\/d)<\/strong><\/p>\n\n\n\n<p><strong>Ihre Aufgaben:<\/strong><\/p>\n\n\n\n<ul class=\"wp-block-list\"><li>Bestehende Kundenkontakte pflegen<\/li><\/ul>\n\n\n\n<ul class=\"wp-block-list\"><li>Sie arbeiten selbstst\u00e4ndig von der Auftragsannahme, \u00fcber deren<\/li><\/ul>\n\n\n\n<ul class=\"wp-block-list\"><li>Erfassung bis zur Betreuung von dem kompletten internen Bestellwesen und<\/li><\/ul>\n\n\n\n<ul class=\"wp-block-list\"><li>Ausstellung aller erforderlichen Versanddokumente. (Speditionsauftrage \u2013 Zolldokumentation)<\/li><\/ul>\n\n\n\n<ul class=\"wp-block-list\"><li>Bearbeitung von Kundenanfragen in Zusammenarbeit mit unseren Fachabteilungen<br><\/li><li>Mitarbeit bei Kalkulationen und Angeboten<\/li><\/ul>\n\n\n\n<ul class=\"wp-block-list\"><li>Sie unterst\u00fctzen die Gesch\u00e4ftsleitung im administrativen Bereich<\/li><\/ul>\n\n\n\n<p><\/p>\n\n\n\n<p><strong>Ihr Profil:<\/strong><\/p>\n\n\n\n<ul class=\"wp-block-list\"><li>Sie verf\u00fcgen \u00fcber eine gute kaufm\u00e4nnische Ausbildung vorzugsweise Metalltechnik bzw. Feder-<br>Stanz\/Umformtechnik<br><\/li><li>Berufserfahrung im Vertrieb Innendienst, vorzugsweise Federbranche sowie kaufm\u00e4nnische Kenntnisse<br><\/li><li>Gute englische Sprachkenntnisse<br><\/li><li>Sicherer Umgang mit g\u00e4ngigen Office IT-Anwendungen<br><\/li><li>Eigenst\u00e4ndige Arbeitsweise, Zuverl\u00e4ssigkeit und Kommunikationsf\u00e4higkeit<br>auf allen Hierarchie-Ebenen<\/li><\/ul>\n\n\n\n<p><\/p>\n\n\n\n<p>Sie suchen eine anspruchsvolle und abwechslungsreiche T\u00e4tigkeit, in einem internationalen Unternehmensumfeld. dann sollten wir uns jetzt kennenlernen!<br><br>Bitte richten Sie Ihre aussagef\u00e4higen Bewerbungsunterlagen mit Gehaltsvorstellung und m\u00f6glichem<br>Eintrittstermin an:<\/p>\n\n\n\n<p><br>Lesj\u00f6fors Industrial Springs &amp; Pressings GmbH<br>Herrn Peter Nieuwkamp<br>E-Mail: <a href=\"mailto:peter.nieuwkamp@lesjoforsab.com\">peter.nieuwkamp@lesjoforsab.com<\/a><\/p>\n","protected":false},"excerpt":{"rendered":"<p>Lesj\u00f6fors&nbsp; ist eine weltweit agierende Unternehmensgruppe, die in den Bereichen Entwicklung undHerstellung von technischen Federn, Biegeteilen und Stanzteilen sowie Gasfedern t\u00e4tig ist. Mit mehr als 1.800 Besch\u00e4ftigten in \u00fcber 25 Produktionswerken in Europa, Asien und USA geh\u00f6rt die Lesj\u00f6fors-Gruppe zu den f\u00fchrenden Unternehmen in der Federnindustrie. Hohe Qualit\u00e4tsanspr\u00fcche und zuverl\u00e4ssige Betreuung der Kunden kennzeichnen unsere [&hellip;]<\/p>\n","protected":false},"author":9,"featured_media":18926,"comment_status":"closed","ping_status":"closed","sticky":false,"template":"","format":"standard","meta":{"footnotes":""},"categories":[96],"tags":[],"class_list":["post-43972","post","type-post","status-publish","format-standard","has-post-thumbnail","hentry","category-news-de"],"yoast_head":"<!-- This site is optimized with the Yoast SEO plugin v25.6 - https:\/\/yoast.com\/wordpress\/plugins\/seo\/ -->\n<title>Lesj\u00f6fors - Springs and Pressings<\/title>\n<meta name=\"description\" content=\"Lesj\u00f6fors \u00e4r en av v\u00e4rldens st\u00f6rsta tillverkare inom idustrifj\u00e4drar och banddetaljer.\" \/>\n<meta name=\"robots\" content=\"index, follow, max-snippet:-1, max-image-preview:large, max-video-preview:-1\" \/>\n<link rel=\"canonical\" href=\"https:\/\/www.lesjoforsab.com\/de\/ueber-lesjoefors\/nachrichten\/mitarbeiter-in-vertrieb-innendienst-m-w-d\/\" \/>\n<meta property=\"og:locale\" content=\"de_DE\" \/>\n<meta property=\"og:type\" content=\"article\" \/>\n<meta property=\"og:title\" content=\"Lesj\u00f6fors - Springs and Pressings\" \/>\n<meta property=\"og:description\" content=\"Lesj\u00f6fors \u00e4r en av v\u00e4rldens st\u00f6rsta tillverkare inom idustrifj\u00e4drar och banddetaljer.\" \/>\n<meta property=\"og:url\" content=\"https:\/\/www.lesjoforsab.com\/de\/ueber-lesjoefors\/nachrichten\/mitarbeiter-in-vertrieb-innendienst-m-w-d\/\" \/>\n<meta property=\"og:site_name\" content=\"Lesj\u00f6fors - Industrial Springs and Pressings\" \/>\n<meta property=\"article:published_time\" content=\"2021-07-27T12:05:00+00:00\" \/>\n<meta property=\"article:modified_time\" content=\"2021-07-27T13:57:23+00:00\" \/>\n<meta property=\"og:image\" content=\"https:\/\/www.lesjoforsab.com\/wp-content\/uploads\/User-Uploads\/General-Content\/News\/2020-Q2\/springs_woman.jpg\" \/>\n\t<meta property=\"og:image:width\" content=\"1200\" \/>\n\t<meta property=\"og:image:height\" content=\"627\" \/>\n\t<meta property=\"og:image:type\" content=\"image\/jpeg\" \/>\n<meta name=\"author\" content=\"Lesj\u00f6fors AB\" \/>\n<script type=\"application\/ld+json\" class=\"yoast-schema-graph\">{\"@context\":\"https:\/\/schema.org\",\"@graph\":[{\"@type\":\"Article\",\"@id\":\"https:\/\/www.lesjoforsab.com\/de\/ueber-lesjoefors\/nachrichten\/mitarbeiter-in-vertrieb-innendienst-m-w-d\/#article\",\"isPartOf\":{\"@id\":\"https:\/\/www.lesjoforsab.com\/de\/ueber-lesjoefors\/nachrichten\/mitarbeiter-in-vertrieb-innendienst-m-w-d\/\"},\"author\":{\"name\":\"Lesj\u00f6fors AB\",\"@id\":\"https:\/\/www.lesjoforsab.com\/de\/#\/schema\/person\/a97f6b2b8aacd076901ad9f61a9ad34e\"},\"headline\":\"Mitarbeiter\/in Vertrieb Innendienst (m\/w\/d)\",\"datePublished\":\"2021-07-27T12:05:00+00:00\",\"dateModified\":\"2021-07-27T13:57:23+00:00\",\"mainEntityOfPage\":{\"@id\":\"https:\/\/www.lesjoforsab.com\/de\/ueber-lesjoefors\/nachrichten\/mitarbeiter-in-vertrieb-innendienst-m-w-d\/\"},\"wordCount\":253,\"publisher\":{\"@id\":\"https:\/\/www.lesjoforsab.com\/de\/#organization\"},\"image\":{\"@id\":\"https:\/\/www.lesjoforsab.com\/de\/ueber-lesjoefors\/nachrichten\/mitarbeiter-in-vertrieb-innendienst-m-w-d\/#primaryimage\"},\"thumbnailUrl\":\"https:\/\/www.lesjoforsab.com\/wp-content\/uploads\/User-Uploads\/General-Content\/News\/2020-Q2\/springs_woman.jpg\",\"articleSection\":[\"News\"],\"inLanguage\":\"de\"},{\"@type\":\"WebPage\",\"@id\":\"https:\/\/www.lesjoforsab.com\/de\/ueber-lesjoefors\/nachrichten\/mitarbeiter-in-vertrieb-innendienst-m-w-d\/\",\"url\":\"https:\/\/www.lesjoforsab.com\/de\/ueber-lesjoefors\/nachrichten\/mitarbeiter-in-vertrieb-innendienst-m-w-d\/\",\"name\":\"Lesj\u00f6fors - Springs and Pressings\",\"isPartOf\":{\"@id\":\"https:\/\/www.lesjoforsab.com\/de\/#website\"},\"primaryImageOfPage\":{\"@id\":\"https:\/\/www.lesjoforsab.com\/de\/ueber-lesjoefors\/nachrichten\/mitarbeiter-in-vertrieb-innendienst-m-w-d\/#primaryimage\"},\"image\":{\"@id\":\"https:\/\/www.lesjoforsab.com\/de\/ueber-lesjoefors\/nachrichten\/mitarbeiter-in-vertrieb-innendienst-m-w-d\/#primaryimage\"},\"thumbnailUrl\":\"https:\/\/www.lesjoforsab.com\/wp-content\/uploads\/User-Uploads\/General-Content\/News\/2020-Q2\/springs_woman.jpg\",\"datePublished\":\"2021-07-27T12:05:00+00:00\",\"dateModified\":\"2021-07-27T13:57:23+00:00\",\"description\":\"Lesj\u00f6fors \u00e4r en av v\u00e4rldens st\u00f6rsta tillverkare inom idustrifj\u00e4drar och banddetaljer.\",\"breadcrumb\":{\"@id\":\"https:\/\/www.lesjoforsab.com\/de\/ueber-lesjoefors\/nachrichten\/mitarbeiter-in-vertrieb-innendienst-m-w-d\/#breadcrumb\"},\"inLanguage\":\"de\",\"potentialAction\":[{\"@type\":\"ReadAction\",\"target\":[\"https:\/\/www.lesjoforsab.com\/de\/ueber-lesjoefors\/nachrichten\/mitarbeiter-in-vertrieb-innendienst-m-w-d\/\"]}]},{\"@type\":\"ImageObject\",\"inLanguage\":\"de\",\"@id\":\"https:\/\/www.lesjoforsab.com\/de\/ueber-lesjoefors\/nachrichten\/mitarbeiter-in-vertrieb-innendienst-m-w-d\/#primaryimage\",\"url\":\"https:\/\/www.lesjoforsab.com\/wp-content\/uploads\/User-Uploads\/General-Content\/News\/2020-Q2\/springs_woman.jpg\",\"contentUrl\":\"https:\/\/www.lesjoforsab.com\/wp-content\/uploads\/User-Uploads\/General-Content\/News\/2020-Q2\/springs_woman.jpg\",\"width\":1200,\"height\":627},{\"@type\":\"BreadcrumbList\",\"@id\":\"https:\/\/www.lesjoforsab.com\/de\/ueber-lesjoefors\/nachrichten\/mitarbeiter-in-vertrieb-innendienst-m-w-d\/#breadcrumb\",\"itemListElement\":[{\"@type\":\"ListItem\",\"position\":1,\"name\":\"Home\",\"item\":\"https:\/\/www.lesjoforsab.com\/de\/\"},{\"@type\":\"ListItem\",\"position\":2,\"name\":\"Mitarbeiter\/in Vertrieb Innendienst (m\/w\/d)\"}]},{\"@type\":\"WebSite\",\"@id\":\"https:\/\/www.lesjoforsab.com\/de\/#website\",\"url\":\"https:\/\/www.lesjoforsab.com\/de\/\",\"name\":\"Lesj\u00f6fors - Industrial Springs and Pressings\",\"description\":\"\",\"publisher\":{\"@id\":\"https:\/\/www.lesjoforsab.com\/de\/#organization\"},\"potentialAction\":[{\"@type\":\"SearchAction\",\"target\":{\"@type\":\"EntryPoint\",\"urlTemplate\":\"https:\/\/www.lesjoforsab.com\/de\/?s={search_term_string}\"},\"query-input\":{\"@type\":\"PropertyValueSpecification\",\"valueRequired\":true,\"valueName\":\"search_term_string\"}}],\"inLanguage\":\"de\"},{\"@type\":\"Organization\",\"@id\":\"https:\/\/www.lesjoforsab.com\/de\/#organization\",\"name\":\"Lesj\u00f6fors AB\",\"url\":\"https:\/\/www.lesjoforsab.com\/de\/\",\"logo\":{\"@type\":\"ImageObject\",\"inLanguage\":\"de\",\"@id\":\"https:\/\/www.lesjoforsab.com\/de\/#\/schema\/logo\/image\/\",\"url\":\"https:\/\/www.lesjoforsab.com\/wp-content\/uploads\/User-Uploads\/Lesjoefors-Brand\/Logotypes\/lesjofors-logo-without-payoff.jpg\",\"contentUrl\":\"https:\/\/www.lesjoforsab.com\/wp-content\/uploads\/User-Uploads\/Lesjoefors-Brand\/Logotypes\/lesjofors-logo-without-payoff.jpg\",\"width\":1347,\"height\":378,\"caption\":\"Lesj\u00f6fors AB\"},\"image\":{\"@id\":\"https:\/\/www.lesjoforsab.com\/de\/#\/schema\/logo\/image\/\"},\"sameAs\":[\"https:\/\/x.com\/lesjoforsgroup\",\"https:\/\/www.linkedin.com\/company\/lesjoforsab\/\",\"https:\/\/www.youtube.com\/user\/lesjoforsab\"]},{\"@type\":\"Person\",\"@id\":\"https:\/\/www.lesjoforsab.com\/de\/#\/schema\/person\/a97f6b2b8aacd076901ad9f61a9ad34e\",\"name\":\"Lesj\u00f6fors AB\"}]}<\/script>\n<!-- \/ Yoast SEO plugin. -->","yoast_head_json":{"title":"Lesj\u00f6fors - Springs and Pressings","description":"Lesj\u00f6fors \u00e4r en av v\u00e4rldens st\u00f6rsta tillverkare inom idustrifj\u00e4drar och banddetaljer.","robots":{"index":"index","follow":"follow","max-snippet":"max-snippet:-1","max-image-preview":"max-image-preview:large","max-video-preview":"max-video-preview:-1"},"canonical":"https:\/\/www.lesjoforsab.com\/de\/ueber-lesjoefors\/nachrichten\/mitarbeiter-in-vertrieb-innendienst-m-w-d\/","og_locale":"de_DE","og_type":"article","og_title":"Lesj\u00f6fors - Springs and Pressings","og_description":"Lesj\u00f6fors \u00e4r en av v\u00e4rldens st\u00f6rsta tillverkare inom idustrifj\u00e4drar och banddetaljer.","og_url":"https:\/\/www.lesjoforsab.com\/de\/ueber-lesjoefors\/nachrichten\/mitarbeiter-in-vertrieb-innendienst-m-w-d\/","og_site_name":"Lesj\u00f6fors - Industrial Springs and Pressings","article_published_time":"2021-07-27T12:05:00+00:00","article_modified_time":"2021-07-27T13:57:23+00:00","og_image":[{"width":1200,"height":627,"url":"https:\/\/www.lesjoforsab.com\/wp-content\/uploads\/User-Uploads\/General-Content\/News\/2020-Q2\/springs_woman.jpg","type":"image\/jpeg"}],"author":"Lesj\u00f6fors AB","schema":{"@context":"https:\/\/schema.org","@graph":[{"@type":"Article","@id":"https:\/\/www.lesjoforsab.com\/de\/ueber-lesjoefors\/nachrichten\/mitarbeiter-in-vertrieb-innendienst-m-w-d\/#article","isPartOf":{"@id":"https:\/\/www.lesjoforsab.com\/de\/ueber-lesjoefors\/nachrichten\/mitarbeiter-in-vertrieb-innendienst-m-w-d\/"},"author":{"name":"Lesj\u00f6fors AB","@id":"https:\/\/www.lesjoforsab.com\/de\/#\/schema\/person\/a97f6b2b8aacd076901ad9f61a9ad34e"},"headline":"Mitarbeiter\/in Vertrieb Innendienst (m\/w\/d)","datePublished":"2021-07-27T12:05:00+00:00","dateModified":"2021-07-27T13:57:23+00:00","mainEntityOfPage":{"@id":"https:\/\/www.lesjoforsab.com\/de\/ueber-lesjoefors\/nachrichten\/mitarbeiter-in-vertrieb-innendienst-m-w-d\/"},"wordCount":253,"publisher":{"@id":"https:\/\/www.lesjoforsab.com\/de\/#organization"},"image":{"@id":"https:\/\/www.lesjoforsab.com\/de\/ueber-lesjoefors\/nachrichten\/mitarbeiter-in-vertrieb-innendienst-m-w-d\/#primaryimage"},"thumbnailUrl":"https:\/\/www.lesjoforsab.com\/wp-content\/uploads\/User-Uploads\/General-Content\/News\/2020-Q2\/springs_woman.jpg","articleSection":["News"],"inLanguage":"de"},{"@type":"WebPage","@id":"https:\/\/www.lesjoforsab.com\/de\/ueber-lesjoefors\/nachrichten\/mitarbeiter-in-vertrieb-innendienst-m-w-d\/","url":"https:\/\/www.lesjoforsab.com\/de\/ueber-lesjoefors\/nachrichten\/mitarbeiter-in-vertrieb-innendienst-m-w-d\/","name":"Lesj\u00f6fors - Springs and Pressings","isPartOf":{"@id":"https:\/\/www.lesjoforsab.com\/de\/#website"},"primaryImageOfPage":{"@id":"https:\/\/www.lesjoforsab.com\/de\/ueber-lesjoefors\/nachrichten\/mitarbeiter-in-vertrieb-innendienst-m-w-d\/#primaryimage"},"image":{"@id":"https:\/\/www.lesjoforsab.com\/de\/ueber-lesjoefors\/nachrichten\/mitarbeiter-in-vertrieb-innendienst-m-w-d\/#primaryimage"},"thumbnailUrl":"https:\/\/www.lesjoforsab.com\/wp-content\/uploads\/User-Uploads\/General-Content\/News\/2020-Q2\/springs_woman.jpg","datePublished":"2021-07-27T12:05:00+00:00","dateModified":"2021-07-27T13:57:23+00:00","description":"Lesj\u00f6fors \u00e4r en av v\u00e4rldens st\u00f6rsta tillverkare inom idustrifj\u00e4drar och banddetaljer.","breadcrumb":{"@id":"https:\/\/www.lesjoforsab.com\/de\/ueber-lesjoefors\/nachrichten\/mitarbeiter-in-vertrieb-innendienst-m-w-d\/#breadcrumb"},"inLanguage":"de","potentialAction":[{"@type":"ReadAction","target":["https:\/\/www.lesjoforsab.com\/de\/ueber-lesjoefors\/nachrichten\/mitarbeiter-in-vertrieb-innendienst-m-w-d\/"]}]},{"@type":"ImageObject","inLanguage":"de","@id":"https:\/\/www.lesjoforsab.com\/de\/ueber-lesjoefors\/nachrichten\/mitarbeiter-in-vertrieb-innendienst-m-w-d\/#primaryimage","url":"https:\/\/www.lesjoforsab.com\/wp-content\/uploads\/User-Uploads\/General-Content\/News\/2020-Q2\/springs_woman.jpg","contentUrl":"https:\/\/www.lesjoforsab.com\/wp-content\/uploads\/User-Uploads\/General-Content\/News\/2020-Q2\/springs_woman.jpg","width":1200,"height":627},{"@type":"BreadcrumbList","@id":"https:\/\/www.lesjoforsab.com\/de\/ueber-lesjoefors\/nachrichten\/mitarbeiter-in-vertrieb-innendienst-m-w-d\/#breadcrumb","itemListElement":[{"@type":"ListItem","position":1,"name":"Home","item":"https:\/\/www.lesjoforsab.com\/de\/"},{"@type":"ListItem","position":2,"name":"Mitarbeiter\/in Vertrieb Innendienst (m\/w\/d)"}]},{"@type":"WebSite","@id":"https:\/\/www.lesjoforsab.com\/de\/#website","url":"https:\/\/www.lesjoforsab.com\/de\/","name":"Lesj\u00f6fors - Industrial Springs and Pressings","description":"","publisher":{"@id":"https:\/\/www.lesjoforsab.com\/de\/#organization"},"potentialAction":[{"@type":"SearchAction","target":{"@type":"EntryPoint","urlTemplate":"https:\/\/www.lesjoforsab.com\/de\/?s={search_term_string}"},"query-input":{"@type":"PropertyValueSpecification","valueRequired":true,"valueName":"search_term_string"}}],"inLanguage":"de"},{"@type":"Organization","@id":"https:\/\/www.lesjoforsab.com\/de\/#organization","name":"Lesj\u00f6fors AB","url":"https:\/\/www.lesjoforsab.com\/de\/","logo":{"@type":"ImageObject","inLanguage":"de","@id":"https:\/\/www.lesjoforsab.com\/de\/#\/schema\/logo\/image\/","url":"https:\/\/www.lesjoforsab.com\/wp-content\/uploads\/User-Uploads\/Lesjoefors-Brand\/Logotypes\/lesjofors-logo-without-payoff.jpg","contentUrl":"https:\/\/www.lesjoforsab.com\/wp-content\/uploads\/User-Uploads\/Lesjoefors-Brand\/Logotypes\/lesjofors-logo-without-payoff.jpg","width":1347,"height":378,"caption":"Lesj\u00f6fors AB"},"image":{"@id":"https:\/\/www.lesjoforsab.com\/de\/#\/schema\/logo\/image\/"},"sameAs":["https:\/\/x.com\/lesjoforsgroup","https:\/\/www.linkedin.com\/company\/lesjoforsab\/","https:\/\/www.youtube.com\/user\/lesjoforsab"]},{"@type":"Person","@id":"https:\/\/www.lesjoforsab.com\/de\/#\/schema\/person\/a97f6b2b8aacd076901ad9f61a9ad34e","name":"Lesj\u00f6fors AB"}]}},"_links":{"self":[{"href":"https:\/\/www.lesjoforsab.com\/de\/wp-json\/wp\/v2\/posts\/43972","targetHints":{"allow":["GET"]}}],"collection":[{"href":"https:\/\/www.lesjoforsab.com\/de\/wp-json\/wp\/v2\/posts"}],"about":[{"href":"https:\/\/www.lesjoforsab.com\/de\/wp-json\/wp\/v2\/types\/post"}],"author":[{"embeddable":true,"href":"https:\/\/www.lesjoforsab.com\/de\/wp-json\/wp\/v2\/users\/9"}],"replies":[{"embeddable":true,"href":"https:\/\/www.lesjoforsab.com\/de\/wp-json\/wp\/v2\/comments?post=43972"}],"version-history":[{"count":1,"href":"https:\/\/www.lesjoforsab.com\/de\/wp-json\/wp\/v2\/posts\/43972\/revisions"}],"predecessor-version":[{"id":53511,"href":"https:\/\/www.lesjoforsab.com\/de\/wp-json\/wp\/v2\/posts\/43972\/revisions\/53511"}],"wp:featuredmedia":[{"embeddable":true,"href":"https:\/\/www.lesjoforsab.com\/de\/wp-json\/wp\/v2\/media\/18926"}],"wp:attachment":[{"href":"https:\/\/www.lesjoforsab.com\/de\/wp-json\/wp\/v2\/media?parent=43972"}],"wp:term":[{"taxonomy":"category","embeddable":true,"href":"https:\/\/www.lesjoforsab.com\/de\/wp-json\/wp\/v2\/categories?post=43972"},{"taxonomy":"post_tag","embeddable":true,"href":"https:\/\/www.lesjoforsab.com\/de\/wp-json\/wp\/v2\/tags?post=43972"}],"curies":[{"name":"wp","href":"https:\/\/api.w.org\/{rel}","templated":true}]}}